{"id":108390,"date":"2025-10-13T00:37:11","date_gmt":"2025-10-13T00:37:11","guid":{"rendered":"https:\/\/www.europesays.com\/pt\/108390\/"},"modified":"2025-10-13T00:37:11","modified_gmt":"2025-10-13T00:37:11","slug":"chega-ganha-em-albufeira-e-acaba-com-dominio-do-psd-no-concelho-houve-quem-fizesse-reinar-o-medo","status":"publish","type":"post","link":"https:\/\/www.europesays.com\/pt\/108390\/","title":{"rendered":"Chega ganha em Albufeira e acaba com dom\u00ednio do PSD no concelho: \u201cHouve quem fizesse reinar o medo\u201d"},"content":{"rendered":"<p>O Chega conquistou hoje a C\u00e2mara de Albufeira, no distrito de Faro, ao vencer as elei\u00e7\u00f5es aut\u00e1rquicas no munic\u00edpio, com 40,51% dos votos, destronando o PSD\/CDS-PP,que geria o munic\u00edpio h\u00e1 v\u00e1rias d\u00e9cadas, e foi segundo, com 32,30%.<\/p>\n<p>Deputado do Chega na Assembleia da Rep\u00fablica, Rui Cristina vai ser assim o pr\u00f3ximo presidente da C\u00e2mara de Albufeira, depois de ter conseguido bater o social-democrata Jos\u00e9 Carlos Rolo, impedindo a sua reelei\u00e7\u00e3o para um novo mandato.<\/p>\n<p>A vit\u00f3ria de Rui Cristina em Albufeira marca a entrada do Chega no poder aut\u00e1rquico do distrito de Faro, depois de o partido ter ganho as legislativas de 2024 e de 2025 no Algarve.<\/p>\n<p>O Chega conquistou tr\u00eas dos sete eleitos, os mesmos que o PSD\/CDS-PP, enquanto a coliga\u00e7\u00e3o PS-BE-PAN &#8220;Albufeira \u00e9 Tua&#8221; ficou no terceiro posto, com o outro vereador que comp\u00f5em os sete eleitos do executivo municipal.<\/p>\n<p>Num concelho marcado pelo turismo, e no qual h\u00e1 falta de m\u00e3o-de-obra para manter o setor a funcionar, a seguran\u00e7a e a imigra\u00e7\u00e3o estiveram em destaque na campanha, mas o agora eleito presidente da C\u00e2mara, Rui Cristina, garantiu que o Chega &#8220;n\u00e3o \u00e9 contra a imigra\u00e7\u00e3o, quer \u00e9 uma imigra\u00e7\u00e3o regulada&#8221;.<\/p>\n<p>No discurso de vit\u00f3ria, o rec\u00e9m-eleito presidente eleito da C\u00e2mara de Albufeira agradeceu aos a quem votou na sua lista e a todos os que colaboraram na sua campanha, afirmando que a vit\u00f3ria \u00e9 de &#8220;todos os que tiveram a coragem de participar na lista&#8221; do Chega no munic\u00edpio.<\/p>\n<p>&#8220;Aos jovens que acreditarem em n\u00f3s, a todos os que nos apoiaram. Houve quem fizesse reinar o medo, mas a vit\u00f3ria foi nossa&#8221;, disse ainda o candidato aos seus apoiantes<\/p>\n<p>Rui Cristina agradeceu ainda ao presidente do partido &#8220;pela escolha para ser candidato&#8221; e &#8220;por ter acreditado&#8221; em si para encabe\u00e7ar a lista em Abufeira,<\/p>\n<p>&#8220;Esta vit\u00f3ria n\u00e3o \u00e9 minha, n\u00e3o \u00e9 do Chega, \u00e9 de todos n\u00f3s albufeirenses&#8221;, afirmou ainda o presidente eleito da C\u00e2mara algarvia, que v\u00ea chegar ao fim um dom\u00ednio de v\u00e1rias d\u00e9cadas do PSD.<\/p>\n","protected":false},"excerpt":{"rendered":"O Chega conquistou hoje a C\u00e2mara de Albufeira, no distrito de Faro, ao vencer as elei\u00e7\u00f5es aut\u00e1rquicas no&hellip;\n","protected":false},"author":2,"featured_media":108391,"comment_status":"","ping_status":"","sticky":false,"template":"","format":"standard","meta":{"footnotes":""},"categories":[10],"tags":[27,28,15,16,14,25,26,21,22,12,13,19,20,32,23,24,33,17,18,29,30,31],"class_list":{"0":"post-108390","1":"post","2":"type-post","3":"status-publish","4":"format-standard","5":"has-post-thumbnail","7":"category-portugal","8":"tag-breaking-news","9":"tag-breakingnews","10":"tag-featured-news","11":"tag-featurednews","12":"tag-headlines","13":"tag-latest-news","14":"tag-latestnews","15":"tag-main-news","16":"tag-mainnews","17":"tag-news","18":"tag-noticias","19":"tag-noticias-principais","20":"tag-noticiasprincipais","21":"tag-portugal","22":"tag-principais-noticias","23":"tag-principaisnoticias","24":"tag-pt","25":"tag-top-stories","26":"tag-topstories","27":"tag-ultimas","28":"tag-ultimas-noticias","29":"tag-ultimasnoticias"},"share_on_mastodon":{"url":"","error":""},"_links":{"self":[{"href":"https:\/\/www.europesays.com\/pt\/wp-json\/wp\/v2\/posts\/108390","targetHints":{"allow":["GET"]}}],"collection":[{"href":"https:\/\/www.europesays.com\/pt\/wp-json\/wp\/v2\/posts"}],"about":[{"href":"https:\/\/www.europesays.com\/pt\/wp-json\/wp\/v2\/types\/post"}],"author":[{"embeddable":true,"href":"https:\/\/www.europesays.com\/pt\/wp-json\/wp\/v2\/users\/2"}],"replies":[{"embeddable":true,"href":"https:\/\/www.europesays.com\/pt\/wp-json\/wp\/v2\/comments?post=108390"}],"version-history":[{"count":0,"href":"https:\/\/www.europesays.com\/pt\/wp-json\/wp\/v2\/posts\/108390\/revisions"}],"wp:featuredmedia":[{"embeddable":true,"href":"https:\/\/www.europesays.com\/pt\/wp-json\/wp\/v2\/media\/108391"}],"wp:attachment":[{"href":"https:\/\/www.europesays.com\/pt\/wp-json\/wp\/v2\/media?parent=108390"}],"wp:term":[{"taxonomy":"category","embeddable":true,"href":"https:\/\/www.europesays.com\/pt\/wp-json\/wp\/v2\/categories?post=108390"},{"taxonomy":"post_tag","embeddable":true,"href":"https:\/\/www.europesays.com\/pt\/wp-json\/wp\/v2\/tags?post=108390"}],"curies":[{"name":"wp","href":"https:\/\/api.w.org\/{rel}","templated":true}]}}