{"id":108410,"date":"2025-10-13T00:53:09","date_gmt":"2025-10-13T00:53:09","guid":{"rendered":"https:\/\/www.europesays.com\/pt\/108410\/"},"modified":"2025-10-13T00:53:09","modified_gmt":"2025-10-13T00:53:09","slug":"rodrigo-santoro-mostra-fotos-raras-das-duas-filhas-nina-e-cora","status":"publish","type":"post","link":"https:\/\/www.europesays.com\/pt\/108410\/","title":{"rendered":"Rodrigo Santoro mostra fotos raras das duas filhas, Nina e Cora"},"content":{"rendered":"<p>O ator <a href=\"https:\/\/caras.com.br\/tags\/rodrigo-santoro\" rel=\"nofollow noopener\" target=\"_blank\"><strong>Rodrigo Santoro<\/strong><\/a> encantou seus seguidores ao celebrar o Dia das Crian\u00e7as com fotos de suas duas filhas, <strong>Nina<\/strong>, de 8 anos, e <strong>Cora<\/strong>, de 1 ano. Nas redes sociais, ele mostrou momentos de divers\u00e3o ao lado das herdeiras ao ar livre.<\/p>\n<p>O pai coruja apareceu com a ca\u00e7ula no colo enquanto balan\u00e7ava a filha mais velha em um brinquedo de parquinho.<\/p>\n<p>As duas meninas s\u00e3o frutos do casamento de Rodrigo Santoro com a atriz e apresentadora <a href=\"https:\/\/caras.com.br\/tags\/mel-fronckowiak\" rel=\"nofollow noopener\" target=\"_blank\"><strong>Mel Fronckowiak<\/strong><\/a>, com quem ele est\u00e1 junto h\u00e1 12 anos. Em entrevista recente no Fant\u00e1stico, da Globo, o ator contou que n\u00e3o mostra os rostos das filhas para preservar a identidade delas, que n\u00e3o escolheram ser famosas.<\/p>\n<p>\u201cIsso \u00e9 uma reverbera\u00e7\u00e3o de como eu sou, de como sempre fui na minha vida, na minha rela\u00e7\u00e3o com o m\u00ednimo de intimidade. Eu nunca quis me afastar dos meus afetos, das minhas ra\u00edzes, do que me alimenta e me sustenta, quem eu sou\u201d, disse ele.<\/p>\n<p>\t <img loading=\"lazy\" decoding=\"async\" class=\"wp-image-1016990 size-full img-fluid lazy\" alt=\"Rodrigo Santoro exibe fotos com as filhas - Foto: Reprodu\u00e7\u00e3o \/ Instagram @rodrigosantoro\" width=\"1080\" height=\"1349\" src=\"https:\/\/www.europesays.com\/pt\/wp-content\/uploads\/2025\/10\/rodrigo-santoro-filhas.jpg\"  \/>Rodrigo Santoro exibe fotos com as filhas \u2013 Foto: Reprodu\u00e7\u00e3o \/ Instagram @rodrigosantoro <img loading=\"lazy\" decoding=\"async\" class=\"wp-image-1016989 size-full img-fluid lazy\" alt=\"Rodrigo Santoro exibe fotos com as filhas - Foto: Reprodu\u00e7\u00e3o \/ Instagram @rodrigosantoro\" width=\"1080\" height=\"1349\" src=\"https:\/\/www.europesays.com\/pt\/wp-content\/uploads\/2025\/10\/rodrigo-santoro-filhas-3.jpg\"  \/>Rodrigo Santoro exibe fotos com as filhas \u2013 Foto: Reprodu\u00e7\u00e3o \/ Instagram @rodrigosantoro <img loading=\"lazy\" decoding=\"async\" class=\"wp-image-1016988 size-full img-fluid lazy\" alt=\"Rodrigo Santoro exibe fotos com as filhas - Foto: Reprodu\u00e7\u00e3o \/ Instagram @rodrigosantoro\" width=\"1080\" height=\"1349\" src=\"https:\/\/www.europesays.com\/pt\/wp-content\/uploads\/2025\/10\/rodrigo-santoro-filhas-2.jpg\"  \/>Rodrigo Santoro exibe fotos com as filhas \u2013 Foto: Reprodu\u00e7\u00e3o \/ Instagram @rodrigosantoro <\/p>\n<blockquote class=\"instagram-media\" style=\"background: #FFF; border: 0; border-radius: 3px; box-shadow: 0 0 1px 0 rgba(0,0,0,0.5),0 1px 10px 0 rgba(0,0,0,0.15); margin: 1px; max-width: 540px; min-width: 326px; padding: 0; width: calc(100% - 2px);\" data-instgrm-captioned=\"\" data-instgrm-permalink=\"https:\/\/www.instagram.com\/p\/DPtnKWojpie\/?utm_source=ig_embed&amp;utm_campaign=loading\" data-instgrm-version=\"14\"><\/blockquote>\n<p>  Momentos marcantes da carreira de Rodrigo Santoro <\/p>\n<p>A carreira de Rodrigo Santoro \u00e9 not\u00e1vel pela sua transi\u00e7\u00e3o bem-sucedida do estrelato na televis\u00e3o brasileira para o reconhecimento e consolida\u00e7\u00e3o no cinema internacional, mantendo um equil\u00edbrio entre grandes produ\u00e7\u00f5es e filmes de arte.<\/p>\n<p> Destaques na Televis\u00e3o e Miniss\u00e9ries Brasileiras <\/p>\n<ul>\n<li>\u201cHilda Furac\u00e3o\u201d (1998): Interpretou Frei Malthus, um jovem frade que vive um conflito entre a voca\u00e7\u00e3o religiosa e a atra\u00e7\u00e3o pela prostituta Hilda (Ana Paula Ar\u00f3sio). O papel foi aclamado pela cr\u00edtica e solidificou sua reputa\u00e7\u00e3o.<\/li>\n<li>\u201cMulheres Apaixonadas\u201d (2003): Interpretou Diogo, que fazia parte de um tri\u00e2ngulo amoroso na novela de Manoel Carlos. O papel o consagrou como um dos principais gal\u00e3s da TV na \u00e9poca.<\/li>\n<li>\u201cVelho Chico\u201d (2016): Viveu Afr\u00e2nio de S\u00e1 Ribeiro na primeira fase da novela, entregando uma atua\u00e7\u00e3o intensa que foi muito elogiada e marcou seu retorno a um papel importante na TV Globo ap\u00f3s anos focado no exterior.<\/li>\n<li>\u201cSess\u00e3o de Terapia\u201d (2021) e \u201cBom Dia, Ver\u00f4nica\u201d (2024): Recentemente, destacou-se em s\u00e9ries de streaming, interpretando o terapeuta Dr. Davi Greco na 5\u00aa temporada de Sess\u00e3o de Terapia e o vil\u00e3o Doum na 3\u00aa temporada de Bom Dia, Ver\u00f4nica (Netflix), demonstrando sua versatilidade em formatos contempor\u00e2neos.<\/li>\n<\/ul>\n<p> Marcos no Cinema Nacional <\/p>\n<ul>\n<li>\u201cBicho de Sete Cabe\u00e7as\u201d (2000): Seu papel como Wilson Souza Neto, um jovem internado em um manic\u00f4mio por uso de maconha, \u00e9 considerado um divisor de \u00e1guas. O filme lhe rendeu diversos pr\u00eamios de Melhor Ator (incluindo no Festival de Cinema de Bras\u00edlia) e o reconhecimento da cr\u00edtica como um ator de cinema de alto n\u00edvel.<\/li>\n<li>\u201cAbril Despeda\u00e7ado\u201d (2001): Atuou sob a dire\u00e7\u00e3o de Walter Salles como Tonho em um filme indicado ao Globo de Ouro.<\/li>\n<li>\u201cCarandiru\u201d (2003): Interpretou a travesti Lady Di, um dos personagens mais marcantes da obra de Hector Babenco, baseada no livro de Drauzio Varella. A performance lhe rendeu mais pr\u00eamios e refor\u00e7ou sua capacidade de transforma\u00e7\u00e3o.<\/li>\n<\/ul>\n<p> Conquista de Hollywood e S\u00e9ries Internacionais <\/p>\n<ul>\n<li>\u201cSimplesmente Amor\u201d (Love Actually) (2003): Sua estreia em grande escala em Hollywood como Karl, um designer charmoso por quem a personagem de Laura Linney \u00e9 apaixonada, em um dos maiores sucessos de com\u00e9dia rom\u00e2ntica.<\/li>\n<li>\u201c300\u201d (2006) e \u201c300: A Ascens\u00e3o do Imp\u00e9rio\u201d (2014): O papel do vil\u00e3o Rei Xerxes I (o Deus-Rei persa) foi um marco. Sua transforma\u00e7\u00e3o f\u00edsica extrema e a visibilidade do blockbuster o tornaram um nome conhecido mundialmente.<\/li>\n<li>\u201cLost\u201d (2006): Embora tenha sido por um per\u00edodo breve, sua participa\u00e7\u00e3o como Paulo em uma das s\u00e9ries de TV mais ic\u00f4nicas e populares da d\u00e9cada de 2000 contribuiu para sua presen\u00e7a no mercado americano.<\/li>\n<li>\u201cBen-Hur\u201d (2016) e \u201cOs 33\u201d (The 33) (2015): Interpretou Jesus Cristo no \u00e9pico Ben-Hur e o Ministro de Minera\u00e7\u00e3o Laurence Golborne em Os 33, demonstrando sua versatilidade em pap\u00e9is de grande alcance global.<\/li>\n<\/ul>\n<p>        <a href=\"https:\/\/caras.com.br\/autor\/priscilla-comoti\" rel=\"nofollow noopener\" target=\"_blank\">&#13;<br \/>\n          <img alt=\"Priscilla Comoti\" src=\"https:\/\/www.europesays.com\/pt\/wp-content\/uploads\/2025\/10\/1760316789_978_e53883bdf02c542f6517b68879e8cb08b27a1d55c4dfd53577e47d3ab6331a06\"  class=\"avatar avatar-115 photo rounded-circle mr-3\" height=\"115\" width=\"115\" loading=\"lazy\" decoding=\"async\"\/>        <\/a><\/p>\n<p>Priscilla Comoti \u00e9 editora de conte\u00fado do site CARAS. Ela \u00e9 formada em jornalismo e em audiovisual, j\u00e1 passou pelos sites Contigo!, Minha Novela, TiTiTi, Mais Novela e Portal M\u00e1rcia Piovesan. Escreve sobre celebridades, not\u00edcias sobre a fam\u00edlia real brit\u00e2nica, TV, reality show e novelas.<\/p>\n<ul class=\"terms-list post_tag list-inline\">\n<li class=\"filhas-de-rodrigo-santoro list-inline-item\">\n\t\t\t\t\t<a href=\"https:\/\/caras.com.br\/tags\/filhas-de-rodrigo-santoro\" class=\"item-category\" rel=\"nofollow noopener\" target=\"_blank\">filhas de Rodrigo Santoro<\/a>\n\t\t\t\t<\/li>\n<li class=\"rodrigo-santoro list-inline-item\">\n\t\t\t\t\t<a href=\"https:\/\/caras.com.br\/tags\/rodrigo-santoro\" class=\"item-category\" rel=\"nofollow noopener\" target=\"_blank\">Rodrigo Santoro<\/a>\n\t\t\t\t<\/li>\n<\/ul>\n<p>\t                                            <script async src=\"\/\/www.instagram.com\/embed.js\"><\/script><\/p>\n","protected":false},"excerpt":{"rendered":"O ator Rodrigo Santoro encantou seus seguidores ao celebrar o Dia das Crian\u00e7as com fotos de suas duas&hellip;\n","protected":false},"author":2,"featured_media":108411,"comment_status":"","ping_status":"","sticky":false,"template":"","format":"standard","meta":{"footnotes":""},"categories":[145],"tags":[211,210,114,115,25867,32,33,5062],"class_list":{"0":"post-108410","1":"post","2":"type-post","3":"status-publish","4":"format-standard","5":"has-post-thumbnail","7":"category-celebridades","8":"tag-celebridades","9":"tag-celebrities","10":"tag-entertainment","11":"tag-entretenimento","12":"tag-filhas-de-rodrigo-santoro","13":"tag-portugal","14":"tag-pt","15":"tag-rodrigo-santoro"},"share_on_mastodon":{"url":"","error":""},"_links":{"self":[{"href":"https:\/\/www.europesays.com\/pt\/wp-json\/wp\/v2\/posts\/108410","targetHints":{"allow":["GET"]}}],"collection":[{"href":"https:\/\/www.europesays.com\/pt\/wp-json\/wp\/v2\/posts"}],"about":[{"href":"https:\/\/www.europesays.com\/pt\/wp-json\/wp\/v2\/types\/post"}],"author":[{"embeddable":true,"href":"https:\/\/www.europesays.com\/pt\/wp-json\/wp\/v2\/users\/2"}],"replies":[{"embeddable":true,"href":"https:\/\/www.europesays.com\/pt\/wp-json\/wp\/v2\/comments?post=108410"}],"version-history":[{"count":0,"href":"https:\/\/www.europesays.com\/pt\/wp-json\/wp\/v2\/posts\/108410\/revisions"}],"wp:featuredmedia":[{"embeddable":true,"href":"https:\/\/www.europesays.com\/pt\/wp-json\/wp\/v2\/media\/108411"}],"wp:attachment":[{"href":"https:\/\/www.europesays.com\/pt\/wp-json\/wp\/v2\/media?parent=108410"}],"wp:term":[{"taxonomy":"category","embeddable":true,"href":"https:\/\/www.europesays.com\/pt\/wp-json\/wp\/v2\/categories?post=108410"},{"taxonomy":"post_tag","embeddable":true,"href":"https:\/\/www.europesays.com\/pt\/wp-json\/wp\/v2\/tags?post=108410"}],"curies":[{"name":"wp","href":"https:\/\/api.w.org\/{rel}","templated":true}]}}