{"id":108412,"date":"2025-10-13T00:55:29","date_gmt":"2025-10-13T00:55:29","guid":{"rendered":"https:\/\/www.europesays.com\/pt\/108412\/"},"modified":"2025-10-13T00:55:29","modified_gmt":"2025-10-13T00:55:29","slug":"paula-novais-vence-segunda-edicao-do-premio-caminhos-de-literatura","status":"publish","type":"post","link":"https:\/\/www.europesays.com\/pt\/108412\/","title":{"rendered":"Paula Novais vence segunda edi\u00e7\u00e3o do Pr\u00eamio Caminhos de Literatura"},"content":{"rendered":"<p>Obra ser\u00e1 publicada no primeiro semestre de 2026; Paula participar\u00e1 da Fliporto em novembro e Flipo\u00e7os, em 2026<\/p>\n<p><img decoding=\"async\" src=\"https:\/\/www.europesays.com\/pt\/wp-content\/uploads\/2025\/10\/9NfI8qkMGDyhh1EVNF80CMIprz8kTS0g1sJIe4VgWobGgeWfJuD1KJ0FJbWn1d95ec5wZmWauFJ6VIyJ.png\" alt=\"Paula Novais | \u00a9 Val\u00e9ria Vieira\" title=\"Paula Novais | \u00a9 Val\u00e9ria Vieira\" \/><\/p>\n<p>Paula Novais | \u00a9 Val\u00e9ria Vieira<\/p>\n<p><strong>Paula Novais<\/strong> \u00e9 a vencedora da segunda edi\u00e7\u00e3o do <strong><a href=\"https:\/\/www.publishnews.com.br\/etiquetas\/premio-caminhos-de-literatura\" target=\"_blank\" rel=\"nofollow noopener\">Pr\u00eamio Caminhos de Literatura<\/a><\/strong> \u2014 premia\u00e7\u00e3o dedicada a romances in\u00e9ditos de autores estreantes de todo o Brasil e idealizada por <a href=\"https:\/\/www.publishnews.com.br\/editorias\/colunas\/henrique-rodrigues\" target=\"_blank\" rel=\"nofollow noopener\">Henrique Rodrigues<\/a>, ex-gestor do Pr\u00eamio Sesc de Literatura e colunista do <strong>PublishNews<\/strong>. Com o romance Gaiolas de concreto armado, a escritora e advogada, nascida em Minas Gerais e radicada no Rio de Janeiro, recebeu destaque m\u00e1ximo da comiss\u00e3o avaliadora, formada por Airton Souza e Cintia Moscovich. Eles analisaram as 20 obras pr\u00e9-selecionadas pelas subcomiss\u00f5es do pr\u00eamio. Divididas em duplas de trabalho, as subcomiss\u00f5es foram constitu\u00eddas por Marcela Dant\u00e9s, Rodrigo Casarin, D\u00e9bora Ferraz e Tiago Germano. <\/p>\n<p>A obra vencedora acompanha o drama do luto gerado pela pandemia e o encontro intergeracional de duas mulheres e ser\u00e1 publicada pelas editoras <strong><a href=\"https:\/\/www.publishnews.com.br\/etiquetas\/dublinense\" target=\"_blank\" rel=\"nofollow noopener\">Dublinense<\/a><\/strong> (no Brasil) e <strong>Kacimbo<\/strong> (em Angola) no primeiro semestre de 2026. Ainda neste ano, a autora participar\u00e1, no dia 15 de novembro, da <strong>Fliporto<\/strong>, em Recife. A mesa ter\u00e1 a presen\u00e7a de Henrique Rodrigues e Airton Souza, representando o j\u00fari. Em maio de 2026, est\u00e1 tamb\u00e9m confirmada a participa\u00e7\u00e3o da autora no <strong>Flipo\u00e7os<\/strong>, em Po\u00e7os de Caldas, Minas Gerais. Al\u00e9m disso, Paula receber\u00e1 uma mentoria sobre carreira e mercado liter\u00e1rio coordenada por Rodrigues.<\/p>\n<p>&#8220;&#8216;A l\u00edngua estende-nos p\u00e3o e \u00e1gua, aquece-nos com o seu corpo, sem olhar as escaras na nossa pele. Quando damos conta, estamos sozinhos nesse pa\u00eds onde a \u00e1gua para matar a sede se vende a troco de sangue.\u2019 Penso que essa passagem da escritora Djaimilia Pereira de Almeida \u2014 que anotei enquanto escrevia Gaiolas de concreto armado \u2014 explica um pouco da minha imensa alegria, ao saber que havia sido escolhida pelo j\u00fari do Pr\u00eamio Caminhos. Me sinto muito honrada de agora fazer parte do percurso corajoso da premia\u00e7\u00e3o, t\u00e3o importante para os escritores em busca de uma primeira oportunidade e para a literatura brasileira.\u201d, celebra Paula.<\/p>\n<p>Autor de mais de 20 livros, curador do <strong>Pr\u00eamio Pallas<\/strong> e um dos idealizadores do <strong>Pr\u00eamio Sesc de Literatura<\/strong>, Henrique Rodrigues ele confirma a renova\u00e7\u00e3o da parceria com a Dublinense e com a Kacimbo para a pr\u00f3xima edi\u00e7\u00e3o: \u201cEsse resultado \u00e9 magn\u00edfico, porque os jurados selecionaram a obra pelo crit\u00e9rio da qualidade liter\u00e1ria, sem nenhum favorecimento ou olhar cerceador para qualquer conte\u00fado ou tem\u00e1tica. O romance de Paula Novais \u00e9 incrivelmente bem escrito, com t\u00e9cnica de quem conhece o of\u00edcio da escrita e tem olhar sens\u00edvel para a nossa hist\u00f3ria recente. E fico especialmente feliz pela descoberta de mais uma mulher, contribuindo para minimizar a desigualdade de g\u00eanero que existe no meio editorial.\u201d, aponta Rodrigues.<\/p>\n<p>A Dublinense traz em seu cat\u00e1logo nomes da literatura brasileira contempor\u00e2nea, como Natalia Borges Polesso, Carol Bensimon, Julia Dantas e Rog\u00e9rio Pereira. A editora pagar\u00e1 \u00e0 autora vencedora um adiantamento de R$ 5 mil e come\u00e7a agora o trabalho de edi\u00e7\u00e3o da obra. &#8220;Depois do sucesso de m\u00e3ezinha, recebemos com muita alegria a not\u00edcia de mais uma voz feminina a ganhar espa\u00e7o pela pot\u00eancia da sua literatura&#8221;, explica Rodrigo Rosp, editor da Dublinense.<\/p>\n<p>\u201cA editora Kacimbo congratula o <strong>Instituto Caminhos<\/strong> pelo veredicto, e espera que, para a premiada Paula Novais, publicar em Angola seja uma parte bonita e cultural desta iniciativa.\u201d, revela Ondjaki, que faz parte do conselho editorial da Kacimbo.<\/p>\n<p> Respons\u00e1veis pelo veredicto final, Airton Souza e Cintia Moscovich avaliaram as 20 obras pr\u00e9-selecionadas e destacaram a diversidade tem\u00e1tica das obras selecionadas. Sobre o romance vencedor, eles foram un\u00e2nimes: \u201cGaiolas de concreto armado tem um trabalho com a linguagem que atravessa o nosso tempo. Uma narrativa que fascina porque escancara feridas abertas que atravessam a hist\u00f3ria brasileira, sobretudo, marcada pelas viol\u00eancias contra as mulheres. E, por conta disso, \u00e9 um romance essencial, porque traz em seu enredo uma hist\u00f3ria coletiva em nome da vida.\u201d, destaca Airton Souza.<\/p>\n<p>\u201cGaiolas de concreto armado \u00e9 um livro marcado pela sabedoria de quem sabe narrar. Cru, forte e denso: as cenas de abuso sexual, embora cru\u00e9is, s\u00e3o necess\u00e1rias e convincentes, plenas daquela viol\u00eancia que as mulheres escondem, mas que precisa ser escancarada e escancarada at\u00e9 n\u00e3o mais existir. Uma obra bela e triste.\u201d, completa Cintia Moscovich.<\/p>\n","protected":false},"excerpt":{"rendered":"Obra ser\u00e1 publicada no primeiro semestre de 2026; Paula participar\u00e1 da Fliporto em novembro e Flipo\u00e7os, em 2026&hellip;\n","protected":false},"author":2,"featured_media":108413,"comment_status":"","ping_status":"","sticky":false,"template":"","format":"standard","meta":{"footnotes":""},"categories":[143],"tags":[868,877,867,169,869,872,873,880,114,115,874,870,875,878,879,864,876,237,871,170,865,866,13,32,33],"class_list":{"0":"post-108412","1":"post","2":"type-post","3":"status-publish","4":"format-standard","5":"has-post-thumbnail","7":"category-livros","8":"tag-best-seller","9":"tag-biblioteca","10":"tag-bienal-do-livro","11":"tag-books","12":"tag-clipping","13":"tag-e-book","14":"tag-ebook","15":"tag-editora","16":"tag-entertainment","17":"tag-entretenimento","18":"tag-escritor","19":"tag-eventos","20":"tag-festival-literario","21":"tag-lancamentos","22":"tag-leitura","23":"tag-literatura","24":"tag-livraria","25":"tag-livro","26":"tag-livro-digital","27":"tag-livros","28":"tag-mercado-editorial","29":"tag-mercado-livreiro","30":"tag-noticias","31":"tag-portugal","32":"tag-pt"},"share_on_mastodon":{"url":"","error":""},"_links":{"self":[{"href":"https:\/\/www.europesays.com\/pt\/wp-json\/wp\/v2\/posts\/108412","targetHints":{"allow":["GET"]}}],"collection":[{"href":"https:\/\/www.europesays.com\/pt\/wp-json\/wp\/v2\/posts"}],"about":[{"href":"https:\/\/www.europesays.com\/pt\/wp-json\/wp\/v2\/types\/post"}],"author":[{"embeddable":true,"href":"https:\/\/www.europesays.com\/pt\/wp-json\/wp\/v2\/users\/2"}],"replies":[{"embeddable":true,"href":"https:\/\/www.europesays.com\/pt\/wp-json\/wp\/v2\/comments?post=108412"}],"version-history":[{"count":0,"href":"https:\/\/www.europesays.com\/pt\/wp-json\/wp\/v2\/posts\/108412\/revisions"}],"wp:featuredmedia":[{"embeddable":true,"href":"https:\/\/www.europesays.com\/pt\/wp-json\/wp\/v2\/media\/108413"}],"wp:attachment":[{"href":"https:\/\/www.europesays.com\/pt\/wp-json\/wp\/v2\/media?parent=108412"}],"wp:term":[{"taxonomy":"category","embeddable":true,"href":"https:\/\/www.europesays.com\/pt\/wp-json\/wp\/v2\/categories?post=108412"},{"taxonomy":"post_tag","embeddable":true,"href":"https:\/\/www.europesays.com\/pt\/wp-json\/wp\/v2\/tags?post=108412"}],"curies":[{"name":"wp","href":"https:\/\/api.w.org\/{rel}","templated":true}]}}