{"id":108414,"date":"2025-10-13T00:56:27","date_gmt":"2025-10-13T00:56:27","guid":{"rendered":"https:\/\/www.europesays.com\/pt\/108414\/"},"modified":"2025-10-13T00:56:27","modified_gmt":"2025-10-13T00:56:27","slug":"danca-dos-famosos-silvero-e-duda-gabaritam-com-os-jurados-mas-so-um-ganha-10-da-plateia","status":"publish","type":"post","link":"https:\/\/www.europesays.com\/pt\/108414\/","title":{"rendered":"Dan\u00e7a dos Famosos: Silvero e Duda gabaritam com os jurados, mas s\u00f3 um ganha 10 da plateia"},"content":{"rendered":"<p>                        <img width=\"944\" height=\"531\" src=\"https:\/\/www.europesays.com\/pt\/wp-content\/uploads\/2025\/10\/danca-dos-famosos-2025-1-944x531.jpg\" class=\"attachment-custom-large size-custom-large article-featured-image\" alt=\"dan\u00e7a dos famosos 2025\" fetchpriority=\"high\" decoding=\"async\"  \/><\/p>\n<p>Silvero Pereira e Duda Santos ganharam s\u00f3 nota 10 de todos os jurados (Fotos: Reprodu\u00e7\u00e3o, TV Globo)<\/p>\n<p>O Grupo B se apresentou neste domingo (12) na \u00faltima etapa da fase classificat\u00f3ria da Dan\u00e7a dos Famosos. David J\u00fanior, Tereza Seiblitz, Richarlyson, Duda Santos, Rodrigo Faro e Silvero Pereira foram os famosos que dan\u00e7aram no palco do Doming\u00e3o com Huck.<\/p>\n<p>Continua depois da publicidade<\/p>\n<p>Duda Santos, Silvero Pereira e David J\u00fanior j\u00e1 est\u00e3o na pr\u00f3xima fase, enquanto Tereza Seiblitz, Richarlyson e Rodrigo Faro foram a repescagem. O ritmo tamb\u00e9m foi o funk e no j\u00fari, a convidada era Debora Bloch, a Odete Roitman de Vale Tudo, ao lado de Milton Cunha, Carlinhos de Jesus, Ana Botafogo e Zebrinha.<\/p>\n<p>Confira os participantes do Dan\u00e7a dos Famosos 20251<\/p>\n<p>VoltarAvan\u00e7ar<\/p>\n<p><img loading=\"lazy\" decoding=\"async\" width=\"1200\" height=\"675\" data-id=\"7598772\" src=\"https:\/\/www.europesays.com\/pt\/wp-content\/uploads\/2025\/09\/Confira-os-participantes-do-Danca-dos-Famosos-2025-5.jpg\" alt=\"Confira os participantes do Dan\u00e7a dos Famosos 2025 \" class=\"wp-image-7598772\"  \/><\/p>\n<p>Silvero Pereira (Foto: Leo Rosario, Globo)<\/p>\n<p><img loading=\"lazy\" decoding=\"async\" width=\"1200\" height=\"675\" data-id=\"7598774\" src=\"https:\/\/www.europesays.com\/pt\/wp-content\/uploads\/2025\/09\/Confira-os-participantes-do-Danca-dos-Famosos-2025-6.jpg\" alt=\"\" class=\"wp-image-7598774\"  \/><\/p>\n<p>Duda Santos (Foto: Leo Rosario, Globo)<\/p>\n<p><img loading=\"lazy\" decoding=\"async\" width=\"1200\" height=\"675\" data-id=\"7598775\" src=\"https:\/\/www.europesays.com\/pt\/wp-content\/uploads\/2025\/09\/1758927200_722_Confira-os-participantes-do-Danca-dos-Famosos-2025-7.jpg\" alt=\"Confira os participantes do Dan\u00e7a dos Famosos 2025 \" class=\"wp-image-7598775\"  \/><\/p>\n<p>Wanessa (Foto: Leo Rosario, Globo)<\/p>\n<p><img loading=\"lazy\" decoding=\"async\" width=\"1200\" height=\"675\" data-id=\"7598776\" src=\"https:\/\/www.europesays.com\/pt\/wp-content\/uploads\/2025\/09\/1758927201_917_Confira-os-participantes-do-Danca-dos-Famosos-2025-8.jpg\" alt=\"\" class=\"wp-image-7598776\"  \/><\/p>\n<p>\u00c1lvaro (Foto: Leo Rosario, Globo)<\/p>\n<p><img loading=\"lazy\" decoding=\"async\" width=\"1200\" height=\"675\" data-id=\"7598777\" src=\"https:\/\/www.europesays.com\/pt\/wp-content\/uploads\/2025\/09\/Confira-os-participantes-do-Danca-dos-Famosos-2025-9.jpg\" alt=\"Confira os participantes do Dan\u00e7a dos Famosos 2025 \" class=\"wp-image-7598777\"  \/><\/p>\n<p>Tereza Seiblitz (Foto: Leo Rosario, Globo)<\/p>\n<p><img loading=\"lazy\" decoding=\"async\" width=\"1200\" height=\"675\" data-id=\"7598778\" src=\"https:\/\/www.europesays.com\/pt\/wp-content\/uploads\/2025\/09\/1758927202_205_Confira-os-participantes-do-Danca-dos-Famosos-2025-10.jpg\" alt=\"\" class=\"wp-image-7598778\"  \/><\/p>\n<p>Rodrigo Faro (Foto: Leo Rosario, Globo)<\/p>\n<p><img loading=\"lazy\" decoding=\"async\" width=\"1200\" height=\"675\" data-id=\"7598779\" src=\"https:\/\/www.europesays.com\/pt\/wp-content\/uploads\/2025\/09\/Confira-os-participantes-do-Danca-dos-Famosos-2025-11.jpg\" alt=\"Confira os participantes do Dan\u00e7a dos Famosos 2025 \" class=\"wp-image-7598779\"  \/><\/p>\n<p>Gracyanne Barbosa (Foto: Leo Rosario, Globo)<\/p>\n<p><img loading=\"lazy\" decoding=\"async\" width=\"1200\" height=\"675\" data-id=\"7598785\" src=\"https:\/\/www.europesays.com\/pt\/wp-content\/uploads\/2025\/09\/Confira-os-participantes-do-Danca-dos-Famosos-2025-2.jpg\" alt=\"\" class=\"wp-image-7598785\"  \/><\/p>\n<p>Nicole Bahls (Foto: Leo Rosario, Globo)<\/p>\n<p><img loading=\"lazy\" decoding=\"async\" width=\"1200\" height=\"675\" data-id=\"7598780\" src=\"https:\/\/www.europesays.com\/pt\/wp-content\/uploads\/2025\/09\/Confira-os-participantes-do-Danca-dos-Famosos-2025-12.jpg\" alt=\"Confira os participantes do Dan\u00e7a dos Famosos 2025 \" class=\"wp-image-7598780\"  \/><\/p>\n<p>Luan Pereira (Foto: Leo Rosario, Globo)<\/p>\n<p><img loading=\"lazy\" decoding=\"async\" width=\"1200\" height=\"675\" data-id=\"7598786\" src=\"https:\/\/www.europesays.com\/pt\/wp-content\/uploads\/2025\/09\/Confira-os-participantes-do-Danca-dos-Famosos-2025-3.jpg\" alt=\"\" class=\"wp-image-7598786\"  \/><\/p>\n<p>David Junior (Foto: Leo Rosario, Globo)<\/p>\n<p><img loading=\"lazy\" decoding=\"async\" width=\"1200\" height=\"675\" data-id=\"7598787\" src=\"https:\/\/www.europesays.com\/pt\/wp-content\/uploads\/2025\/09\/Confira-os-participantes-do-Danca-dos-Famosos-2025-4.jpg\" alt=\"Confira os participantes do Dan\u00e7a dos Famosos 2025 \" class=\"wp-image-7598787\"  \/><\/p>\n<p>Allan Souza Lima (Foto: Leo Rosario, Globo)<\/p>\n<p><img loading=\"lazy\" decoding=\"async\" width=\"1200\" height=\"675\" data-id=\"7598788\" src=\"https:\/\/www.europesays.com\/pt\/wp-content\/uploads\/2025\/09\/Confira-os-participantes-do-Danca-dos-Famosos-2025-1.jpg\" alt=\"\" class=\"wp-image-7598788\"  \/><\/p>\n<p>Manu Bahtid\u00e3o (Foto: Leo Rosario, Globo)<\/p>\n<p><img loading=\"lazy\" decoding=\"async\" width=\"1200\" height=\"675\" data-id=\"7615694\" src=\"https:\/\/www.europesays.com\/pt\/wp-content\/uploads\/2025\/09\/1758927206_279_Confira-os-participantes-do-Danca-dos-Famosos-2025-2-1.jpg\" alt=\"\" class=\"wp-image-7615694\"  \/><\/p>\n<p>C\u00e1tia Fonseca (Foto: Leo Rosario, Globo)<\/p>\n<p><img loading=\"lazy\" decoding=\"async\" width=\"1200\" height=\"675\" data-id=\"7615697\" src=\"https:\/\/www.europesays.com\/pt\/wp-content\/uploads\/2025\/09\/1758927206_267_Confira-os-participantes-do-Danca-dos-Famosos-2025-3-1.jpg\" alt=\"\" class=\"wp-image-7615697\"  \/><\/p>\n<p>Fernanda Paes Leme (Foto: Leo Rosario, Globo)<\/p>\n<p><img loading=\"lazy\" decoding=\"async\" width=\"1200\" height=\"675\" data-id=\"7615695\" src=\"https:\/\/www.europesays.com\/pt\/wp-content\/uploads\/2025\/09\/1758927207_192_Confira-os-participantes-do-Danca-dos-Famosos-2025-4-1.jpg\" alt=\"\" class=\"wp-image-7615695\"  \/><\/p>\n<p>Lucas Leto (Foto: Leo Rosario, Globo)<\/p>\n<p><img loading=\"lazy\" decoding=\"async\" width=\"1200\" height=\"675\" data-id=\"7615696\" src=\"https:\/\/www.europesays.com\/pt\/wp-content\/uploads\/2025\/09\/1758927207_940_Confira-os-participantes-do-Danca-dos-Famosos-2025-16.jpg\" alt=\"\" class=\"wp-image-7615696\"  \/><\/p>\n<p>Richarlyson (Foto: Leo Rosario, Globo)<\/p>\n<p>Confira as notas de cada dupla do Dan\u00e7a dos Famosos 2025<\/p>\n<p><strong>Teresa Seiblitz e Jefferson Bilisco<\/strong><\/p>\n<ul class=\"wp-block-list\">\n<li>Carlinhos de Jesus \u2013 9,5<\/li>\n<li>Ana Botafogo \u2013 9,7<\/li>\n<li>Zebrinha \u2013 9,6<\/li>\n<li>Milton Cunha \u2013 9,6<\/li>\n<li>Debora Bloch \u2013 10<\/li>\n<li>Plateia \u2013 9,3<\/li>\n<\/ul>\n<p>Continua depois da publicidade<\/p>\n<p><strong>David J\u00fanior e Jaque Paraense <\/strong><\/p>\n<ul class=\"wp-block-list\">\n<li>Carlinhos de Jesus \u2013 10<\/li>\n<li>Ana Botafogo \u2013 10<\/li>\n<li>Zebrinha \u2013 9,9<\/li>\n<li>Milton Cunha \u2013 9,9<\/li>\n<li>Debora Bloch \u2013 10<\/li>\n<li>Plateia \u2013 9,7<\/li>\n<\/ul>\n<p><strong>Silvero Pereira<\/strong> <strong>e Thais Sousa<\/strong><\/p>\n<ul class=\"wp-block-list\">\n<li>Carlinhos de Jesus \u2013 10<\/li>\n<li>Ana Botafogo \u2013 10<\/li>\n<li>Zebrinha \u2013 10<\/li>\n<li>Milton Cunha \u2013 10<\/li>\n<li>Debora Bloch \u2013 10<\/li>\n<li>Plateia \u2013 9,6<\/li>\n<\/ul>\n<p><strong>Rodrigo Faro<\/strong> <strong>e Larissa Parison<\/strong><\/p>\n<ul class=\"wp-block-list\">\n<li>Carlinhos de Jesus \u2013 9,7<\/li>\n<li>Ana Botafogo \u2013 9,7<\/li>\n<li>Zebrinha \u2013 9,7<\/li>\n<li>Milton Cunha \u2013 9,9<\/li>\n<li>Debora Bloch \u2013 10<\/li>\n<li>Plateia \u2013 9,9<\/li>\n<\/ul>\n<p>Continua depois da publicidade<\/p>\n<p><strong>Richarlyson<\/strong> <strong>e Monique Santos<\/strong><\/p>\n<ul class=\"wp-block-list\">\n<li>Carlinhos de Jesus \u2013 9,9<\/li>\n<li>Ana Botafogo \u2013 9,9<\/li>\n<li>Zebrinha \u2013 9,9<\/li>\n<li>Milton Cunha \u2013 10<\/li>\n<li>Debora Bloch \u2013 10<\/li>\n<li>Plateia \u2013 9,9<\/li>\n<\/ul>\n<p><strong>Duda Santos<\/strong> <strong>e Dani Norton<\/strong><\/p>\n<ul class=\"wp-block-list\">\n<li>Carlinhos de Jesus \u2013 10<\/li>\n<li>Ana Botafogo \u2013 10<\/li>\n<li>Zebrinha \u2013 10<\/li>\n<li>Milton Cunha \u2013 10<\/li>\n<li>Debora Bloch \u2013 10<\/li>\n<li>Plateia \u2013 10<\/li>\n<\/ul>\n<p>Veja como ficou a classifica\u00e7\u00e3o do grupo B<\/p>\n<ul class=\"wp-block-list\">\n<li><strong>Silvero Pereira e Thais Sousa \u2013 173,4<\/strong><\/li>\n<li><strong>David Junior e Jaque Paraense \u2013 171,7<\/strong><\/li>\n<li><strong>Duda Santos e Dani Norton \u2013 171,5<\/strong><\/li>\n<li>Richarlyson e Monique Santos \u2013 170,6 (repescagem)<\/li>\n<li>Rodrigo Faro e Larissa Parison \u2013 169,4 (repescagem)<\/li>\n<li>Tereza Seiblitz e Jeferson Bilisco \u2013 167,7 (repescagem)<\/li>\n<li>Gracyanne Barbosa e Lynnikee Ayres \u2013 (eliminada)<\/li>\n<\/ul>\n<p>Continua depois da publicidade<\/p>\n<p>Veja como ficou a classifica\u00e7\u00e3o do grupo A<\/p>\n<ul class=\"wp-block-list\">\n<li><strong>Lucas Leto e Mayara Araujo \u2013 170.6<\/strong><\/li>\n<li><strong>Manu Bahtid\u00e3o e Heron Leal \u2013 170<\/strong><\/li>\n<li><strong>Allan Souza Lima e Gabe Cardoso \u2013 169.7<\/strong><\/li>\n<li>Nicole Bahls e Fernando Perrotti \u2013 169.5 (repescagem)<\/li>\n<li>Wanessa Camargo e Diego Bas\u00edlio \u2013 168.9 (repescagem) <\/li>\n<li>Alvaro e Mariana Torres \u2013 168.6 (repescagem)<\/li>\n<li>Luan Pereira e Mariana Fernandes \u2013 166 (repescagem)<\/li>\n<\/ul>\n<p><strong><a href=\"https:\/\/www.nsctotal.com.br\/noticias\/danca-dos-famosos-ator-gabarita-com-seis-notas-10-e-manda-favorita-para-repescagem\" target=\"_blank\" rel=\"noreferrer noopener nofollow\">Dan\u00e7a dos Famosos: ator gabarita com seis notas 10 e manda favorita para repescagem<\/a><\/strong><\/p>\n","protected":false},"excerpt":{"rendered":"Silvero Pereira e Duda Santos ganharam s\u00f3 nota 10 de todos os jurados (Fotos: Reprodu\u00e7\u00e3o, TV Globo) O&hellip;\n","protected":false},"author":2,"featured_media":108415,"comment_status":"","ping_status":"","sticky":false,"template":"","format":"standard","meta":{"footnotes":""},"categories":[142],"tags":[114,115,32,33,151,543],"class_list":{"0":"post-108414","1":"post","2":"type-post","3":"status-publish","4":"format-standard","5":"has-post-thumbnail","7":"category-tv","8":"tag-entertainment","9":"tag-entretenimento","10":"tag-portugal","11":"tag-pt","12":"tag-tv","13":"tag-ver-ouvir-ler"},"share_on_mastodon":{"url":"","error":""},"_links":{"self":[{"href":"https:\/\/www.europesays.com\/pt\/wp-json\/wp\/v2\/posts\/108414","targetHints":{"allow":["GET"]}}],"collection":[{"href":"https:\/\/www.europesays.com\/pt\/wp-json\/wp\/v2\/posts"}],"about":[{"href":"https:\/\/www.europesays.com\/pt\/wp-json\/wp\/v2\/types\/post"}],"author":[{"embeddable":true,"href":"https:\/\/www.europesays.com\/pt\/wp-json\/wp\/v2\/users\/2"}],"replies":[{"embeddable":true,"href":"https:\/\/www.europesays.com\/pt\/wp-json\/wp\/v2\/comments?post=108414"}],"version-history":[{"count":0,"href":"https:\/\/www.europesays.com\/pt\/wp-json\/wp\/v2\/posts\/108414\/revisions"}],"wp:featuredmedia":[{"embeddable":true,"href":"https:\/\/www.europesays.com\/pt\/wp-json\/wp\/v2\/media\/108415"}],"wp:attachment":[{"href":"https:\/\/www.europesays.com\/pt\/wp-json\/wp\/v2\/media?parent=108414"}],"wp:term":[{"taxonomy":"category","embeddable":true,"href":"https:\/\/www.europesays.com\/pt\/wp-json\/wp\/v2\/categories?post=108414"},{"taxonomy":"post_tag","embeddable":true,"href":"https:\/\/www.europesays.com\/pt\/wp-json\/wp\/v2\/tags?post=108414"}],"curies":[{"name":"wp","href":"https:\/\/api.w.org\/{rel}","templated":true}]}}