{"id":108424,"date":"2025-10-13T01:06:19","date_gmt":"2025-10-13T01:06:19","guid":{"rendered":"https:\/\/www.europesays.com\/pt\/108424\/"},"modified":"2025-10-13T01:06:19","modified_gmt":"2025-10-13T01:06:19","slug":"sondagem-deixa-gouveia-e-melo-marques-mendes-e-ventura-em-empate-tecnico-eleicoes-presidenciais","status":"publish","type":"post","link":"https:\/\/www.europesays.com\/pt\/108424\/","title":{"rendered":"Sondagem deixa Gouveia e Melo, Marques Mendes e Ventura em empate t\u00e9cnico | Elei\u00e7\u00f5es presidenciais"},"content":{"rendered":"<p>Uma sondagem da Intercampus para o CM\/CMTV deixa os candidatos \u00e0s elei\u00e7\u00f5es presidenciais Gouveia e Melo, Lu\u00eds Marques Mendes e Andr\u00e9 Ventura em empate t\u00e9cnico. Ant\u00f3nio Jos\u00e9 Seguro surge em quarto lugar, j\u00e1 substancialmente afastado dos outros tr\u00eas candidatos.<\/p>\n<p>Apesar de Henrique Gouveia e Melo surgir em primeiro lugar, <a href=\"https:\/\/www.publico.pt\/marques-mendes\" target=\"_blank\" rel=\"nofollow noopener\">Lu\u00eds Marques Mendes<\/a> e Andr\u00e9 Ventura aparecem, respectivamente, distanciados de apenas dois pontos percentuais do almirante, o que, considerando a margem de erro na ordem dos 3,5%, aponta para um empate t\u00e9cnico. Ant\u00f3nio Jos\u00e9 Seguro, por sua vez, surge em quarto lugar, perdendo for\u00e7a face a sondagens anteriores e quase empatado com Cotrim Figueiredo.<\/p>\n<p>Os resultados desta sondagem avan\u00e7ada pelo <a href=\"https:\/\/www.cmjornal.pt\/politica\/detalhe\/gouveia-e-melo-marques-mendes-e-ventura-em-empate-tecnico-nas-eleicoes-presidenciais\" target=\"_blank\" rel=\"nofollow noopener\">Correio da Manh\u00e3<\/a> levam a crer numa segunda volta das elei\u00e7\u00f5es de Janeiro de 2026. Ademais, foi poss\u00edvel apurar o partido de quem escolheu cada um dos candidatos.<a href=\"https:\/\/www.publico.pt\/gouveia-melo\" target=\"_blank\" rel=\"nofollow noopener\"> Gouveia e Melo<\/a> recebe a maioria do apoio eleitoral do PS e PSD. O Chega mant\u00e9m-se maioritariamente fiel a Andr\u00e9 Ventura, tendo 73% dos inquiridos que apoiam este partido escolhido o seu presidente.<\/p>\n<p>De forma menos expect\u00e1vel, s\u00f3 45% dos sociais-democratas escolhe Marques Mendes e s\u00f3 29% dos socialistas vota em <a href=\"https:\/\/www.publico.pt\/antonio-jose-seguro\" target=\"_blank\" rel=\"nofollow noopener\">Ant\u00f3nio Jos\u00e9 Seguro<\/a>. Para al\u00e9m disso, quase 10% dos socialistas preferem Andr\u00e9 Ventura a Seguro.<\/p>\n<p>A sondagem da Intercampus baseou-se em 802 entrevistas telef\u00f3nicas, entre os dias 1 e 8 de Outubro de 2025 e tem uma margem de erro de 3,5%.<\/p>\n","protected":false},"excerpt":{"rendered":"Uma sondagem da Intercampus para o CM\/CMTV deixa os candidatos \u00e0s elei\u00e7\u00f5es presidenciais Gouveia e Melo, Lu\u00eds Marques&hellip;\n","protected":false},"author":2,"featured_media":108425,"comment_status":"","ping_status":"","sticky":false,"template":"","format":"standard","meta":{"footnotes":""},"categories":[8],"tags":[3386,3399,27,28,1736,1705,15,16,14,9705,25,26,17461,21,22,12,13,19,20,52,32,23,24,455,4579,33,7585,17,18,29,30,31],"class_list":{"0":"post-108424","1":"post","2":"type-post","3":"status-publish","4":"format-standard","5":"has-post-thumbnail","7":"category-principais-noticias","8":"tag-andre-ventura","9":"tag-antonio-jose-seguro","10":"tag-breaking-news","11":"tag-breakingnews","12":"tag-chega","13":"tag-eleicoes-presidenciais","14":"tag-featured-news","15":"tag-featurednews","16":"tag-headlines","17":"tag-henrique-gouveia-e-melo","18":"tag-latest-news","19":"tag-latestnews","20":"tag-luis-marques-mendes","21":"tag-main-news","22":"tag-mainnews","23":"tag-news","24":"tag-noticias","25":"tag-noticias-principais","26":"tag-noticiasprincipais","27":"tag-politica","28":"tag-portugal","29":"tag-principais-noticias","30":"tag-principaisnoticias","31":"tag-ps","32":"tag-psd","33":"tag-pt","34":"tag-sondagens","35":"tag-top-stories","36":"tag-topstories","37":"tag-ultimas","38":"tag-ultimas-noticias","39":"tag-ultimasnoticias"},"share_on_mastodon":{"url":"","error":""},"_links":{"self":[{"href":"https:\/\/www.europesays.com\/pt\/wp-json\/wp\/v2\/posts\/108424","targetHints":{"allow":["GET"]}}],"collection":[{"href":"https:\/\/www.europesays.com\/pt\/wp-json\/wp\/v2\/posts"}],"about":[{"href":"https:\/\/www.europesays.com\/pt\/wp-json\/wp\/v2\/types\/post"}],"author":[{"embeddable":true,"href":"https:\/\/www.europesays.com\/pt\/wp-json\/wp\/v2\/users\/2"}],"replies":[{"embeddable":true,"href":"https:\/\/www.europesays.com\/pt\/wp-json\/wp\/v2\/comments?post=108424"}],"version-history":[{"count":0,"href":"https:\/\/www.europesays.com\/pt\/wp-json\/wp\/v2\/posts\/108424\/revisions"}],"wp:featuredmedia":[{"embeddable":true,"href":"https:\/\/www.europesays.com\/pt\/wp-json\/wp\/v2\/media\/108425"}],"wp:attachment":[{"href":"https:\/\/www.europesays.com\/pt\/wp-json\/wp\/v2\/media?parent=108424"}],"wp:term":[{"taxonomy":"category","embeddable":true,"href":"https:\/\/www.europesays.com\/pt\/wp-json\/wp\/v2\/categories?post=108424"},{"taxonomy":"post_tag","embeddable":true,"href":"https:\/\/www.europesays.com\/pt\/wp-json\/wp\/v2\/tags?post=108424"}],"curies":[{"name":"wp","href":"https:\/\/api.w.org\/{rel}","templated":true}]}}