{"id":108438,"date":"2025-10-13T01:20:17","date_gmt":"2025-10-13T01:20:17","guid":{"rendered":"https:\/\/www.europesays.com\/pt\/108438\/"},"modified":"2025-10-13T01:20:17","modified_gmt":"2025-10-13T01:20:17","slug":"luis-magalhaes-provavelmente-a-culpa-foi-minha","status":"publish","type":"post","link":"https:\/\/www.europesays.com\/pt\/108438\/","title":{"rendered":"Lu\u00eds Magalh\u00e3es: \u00abProvavelmente a culpa foi minha\u00bb"},"content":{"rendered":"<p>Depois do desaire catastr\u00f3fico do Sporting face ao tetracampe\u00e3o Benfica no Pavilh\u00e3o Jo\u00e3o Rocha por 66-103 (17-25, 16-29, 14-18, 19-31). Lu\u00eds Magalh\u00e3es, treinador dos le\u00f5es n\u00e3o teve com grandes desculpas e quando questionado se o segundo quarto havia sido decisivo para o que acontecer respondeu: \u00abPenso que foram todos os per\u00edodos. O Benfica foi claramente superior\u00bb.<\/p>\n<p>\u00abN\u00e3o estamos habituados a dar desculpas. Provavelmente a culpa foi minha porque n\u00e3o prepar\u00e1mos bem o jogo, as coisas como dev\u00edamos. Tent\u00e1mos fazer o nosso melhor e, provavelmente, n\u00e3o foi o que devia ter sido feito e o Benfica, claramente, dominou em todos os cap\u00edtulos. N\u00e3o h\u00e1 nada a dizer, a n\u00e3o ser dar os parab\u00e9ns ao Benfica\u00bb, foi dizendo em declara\u00e7\u00f5es \u00e0 RTP.<\/p>\n<p>O que Magalh\u00e3es n\u00e3o teme \u00e9 que a pesada derrota possa ter impacto na equipa, que no pr\u00f3ximo fim de semana ter\u00e1 de ir \u00e0 Drag\u00e3o Arena defrontar o FC Porto, tamb\u00e9m ele batido, ontem, pela Oliveirense e igualmente com centen\u00e1rio (104-93). \u00abIsto n\u00e3o pesa nada, \u00e9 preciso e saber ultrapassar, saber ganhar e perder. Saber quanto temos um dia muito mau, como foi hoje e dar a volta a isso. E com certeza que vamos faz\u00ea-lo j\u00e1 no pr\u00f3ximo jogo.\u00bb<\/p>\n","protected":false},"excerpt":{"rendered":"Depois do desaire catastr\u00f3fico do Sporting face ao tetracampe\u00e3o Benfica no Pavilh\u00e3o Jo\u00e3o Rocha por 66-103 (17-25, 16-29,&hellip;\n","protected":false},"author":2,"featured_media":108439,"comment_status":"","ping_status":"","sticky":false,"template":"","format":"standard","meta":{"footnotes":""},"categories":[8],"tags":[27,28,15,16,14,25,26,21,22,12,13,19,20,32,23,24,33,17,18,29,30,31],"class_list":{"0":"post-108438","1":"post","2":"type-post","3":"status-publish","4":"format-standard","5":"has-post-thumbnail","7":"category-principais-noticias","8":"tag-breaking-news","9":"tag-breakingnews","10":"tag-featured-news","11":"tag-featurednews","12":"tag-headlines","13":"tag-latest-news","14":"tag-latestnews","15":"tag-main-news","16":"tag-mainnews","17":"tag-news","18":"tag-noticias","19":"tag-noticias-principais","20":"tag-noticiasprincipais","21":"tag-portugal","22":"tag-principais-noticias","23":"tag-principaisnoticias","24":"tag-pt","25":"tag-top-stories","26":"tag-topstories","27":"tag-ultimas","28":"tag-ultimas-noticias","29":"tag-ultimasnoticias"},"share_on_mastodon":{"url":"","error":""},"_links":{"self":[{"href":"https:\/\/www.europesays.com\/pt\/wp-json\/wp\/v2\/posts\/108438","targetHints":{"allow":["GET"]}}],"collection":[{"href":"https:\/\/www.europesays.com\/pt\/wp-json\/wp\/v2\/posts"}],"about":[{"href":"https:\/\/www.europesays.com\/pt\/wp-json\/wp\/v2\/types\/post"}],"author":[{"embeddable":true,"href":"https:\/\/www.europesays.com\/pt\/wp-json\/wp\/v2\/users\/2"}],"replies":[{"embeddable":true,"href":"https:\/\/www.europesays.com\/pt\/wp-json\/wp\/v2\/comments?post=108438"}],"version-history":[{"count":0,"href":"https:\/\/www.europesays.com\/pt\/wp-json\/wp\/v2\/posts\/108438\/revisions"}],"wp:featuredmedia":[{"embeddable":true,"href":"https:\/\/www.europesays.com\/pt\/wp-json\/wp\/v2\/media\/108439"}],"wp:attachment":[{"href":"https:\/\/www.europesays.com\/pt\/wp-json\/wp\/v2\/media?parent=108438"}],"wp:term":[{"taxonomy":"category","embeddable":true,"href":"https:\/\/www.europesays.com\/pt\/wp-json\/wp\/v2\/categories?post=108438"},{"taxonomy":"post_tag","embeddable":true,"href":"https:\/\/www.europesays.com\/pt\/wp-json\/wp\/v2\/tags?post=108438"}],"curies":[{"name":"wp","href":"https:\/\/api.w.org\/{rel}","templated":true}]}}