{"id":108440,"date":"2025-10-13T01:21:07","date_gmt":"2025-10-13T01:21:07","guid":{"rendered":"https:\/\/www.europesays.com\/pt\/108440\/"},"modified":"2025-10-13T01:21:07","modified_gmt":"2025-10-13T01:21:07","slug":"katy-perry-e-flagrada-aos-beijos-com-justin-trudeau","status":"publish","type":"post","link":"https:\/\/www.europesays.com\/pt\/108440\/","title":{"rendered":"Katy Perry \u00e9 flagrada aos beijos com Justin Trudeau"},"content":{"rendered":"<p><strong><a href=\"https:\/\/www.correiodopovo.com.br\/topicos\/Tag\/%20KATY%20PERRY\" target=\"_blank\" rel=\"nofollow noopener\">Katy Perry<\/a><\/strong> e Justin Trudeau foram flagrados aos beijos a bordo de um iate na costa de Santa B\u00e1rbara, na Calif\u00f3rnia (EUA), segundo informa\u00e7\u00f5es do jornal Daily Mail. As imagens, feitas por um fot\u00f3grafo do pr\u00f3prio ve\u00edculo, reacenderam os rumores de um suposto romance entre a cantora e o ex-primeiro-ministro do Canad\u00e1.<\/p>\n<p>Segundo as informa\u00e7\u00f5es do jornal, o casal estava em um iate que pertence a Perry, aproveitando um momento de pausa da turn\u00ea mundial da cantora. Nas fotos, eles aparecem abra\u00e7ados e trocando beijos.<\/p>\n<p>Um romance entre Perry e Trudeau j\u00e1 vinha sendo especulado desde o <strong><a href=\"https:\/\/www.correiodopovo.com.br\/arteagenda\/katy-perry-e-orlando-bloom-se-separam-e-revista-aponta-poss%C3%ADvel-motivo-1.1622660\" target=\"_blank\" rel=\"nofollow noopener\">fim do casamento entre a cantora e Orland Bloom<\/a><\/strong>, anunciado no in\u00edcio de julho deste ano. No mesmo m\u00eas, ela foi flagrada com o pol\u00edtico em um famoso restaurante em Montreal, no Canad\u00e1, o Le Violon.<\/p>\n<p>Em entrevista ao New York Times, um dos donos do restaurante confirmou a visita dos famosos. &#8220;Eu n\u00e3o posso afirmar que eles estavam em um encontro, mas eles estavam de \u00f3timo humor&#8221;, afirmou o chef Danny Smiles.<\/p>\n<blockquote align=\"center\" class=\"twitter-tweet\" data-dnt=\"true\">\n<p dir=\"ltr\" lang=\"en\">Daily Mail UK released photos of Katy Perry and former Canadian Prime Minister Justin Trudeau kissing on Katy\u2019s yacht in California. <a href=\"https:\/\/t.co\/I1SD7KvwpM\" rel=\"nofollow\">pic.twitter.com\/I1SD7KvwpM<\/a><\/p>\n<p> \u2014 Katy Perry Today (@todaykatyp) <a href=\"https:\/\/twitter.com\/todaykatyp\/status\/1977132020485812291?ref_src=twsrc%5Etfw\" rel=\"nofollow noopener\" target=\"_blank\">October 11, 2025<\/a>\n <\/p><\/blockquote>\n<p>Ao Daily Mail, uma pessoa que diz ter visto o casal no iate deu detalhes do que presenciou. &#8220;Ela encostou a embarca\u00e7\u00e3o perto de um pequeno barco de observa\u00e7\u00e3o de baleias, e eles come\u00e7aram a se agarrar. S\u00f3 percebi com quem ela estava quando vi a tatuagem no bra\u00e7o dele, e percebi imediatamente que era Justin Trudeau.&#8221; A tatuagem em quest\u00e3o \u00e9 o desenho do planeta Terra dentro de um corvo Haida, s\u00edmbolo de um povo do Canad\u00e1 que remonta \u00e0s origens de sua fam\u00edlia.<\/p>\n<p>Justin Trudeau, 53, <strong><a href=\"https:\/\/www.correiodopovo.com.br\/not%C3%ADcias\/mundo\/no-canad%C3%A1-trudeau-anuncia-ren%C3%BAncia-mas-seguir%C3%A1-como-premi%C3%AA-at%C3%A9-escolha-de-seu-substituto-1.1568007\" target=\"_blank\" rel=\"nofollow noopener\">renunciou ao cargo de primeiro-ministro do Canad\u00e1 no come\u00e7o do ano<\/a><\/strong> ap\u00f3s sua aprova\u00e7\u00e3o atingir recordes negativos em seu pa\u00eds. Ele se separou de sua antiga esposa em 2023, ap\u00f3s passar 18 anos casado, e \u00e9 pai de tr\u00eas crian\u00e7as: Xavier, Ella-Grace e Hadrien.<\/p>\n<p>J\u00e1 Perry, que fez show no Brasil recentemente durante o The Town estava com Bloom desde 2016. Eles t\u00eam uma filha, Daisy Dove, de 5 anos.<\/p>\n<p>Veja Tamb\u00e9m<\/p>\n<p>        <script async src=\"https:\/\/platform.twitter.com\/widgets.js\" charset=\"utf-8\"><\/script><\/p>\n","protected":false},"excerpt":{"rendered":"Katy Perry e Justin Trudeau foram flagrados aos beijos a bordo de um iate na costa de Santa&hellip;\n","protected":false},"author":2,"featured_media":108441,"comment_status":"","ping_status":"","sticky":false,"template":"","format":"standard","meta":{"footnotes":""},"categories":[145],"tags":[3428,211,210,114,115,568,32,33,1978],"class_list":{"0":"post-108440","1":"post","2":"type-post","3":"status-publish","4":"format-standard","5":"has-post-thumbnail","7":"category-celebridades","8":"tag-arte-agenda","9":"tag-celebridades","10":"tag-celebrities","11":"tag-entertainment","12":"tag-entretenimento","13":"tag-katy-perry","14":"tag-portugal","15":"tag-pt","16":"tag-relacionamento"},"share_on_mastodon":{"url":"","error":""},"_links":{"self":[{"href":"https:\/\/www.europesays.com\/pt\/wp-json\/wp\/v2\/posts\/108440","targetHints":{"allow":["GET"]}}],"collection":[{"href":"https:\/\/www.europesays.com\/pt\/wp-json\/wp\/v2\/posts"}],"about":[{"href":"https:\/\/www.europesays.com\/pt\/wp-json\/wp\/v2\/types\/post"}],"author":[{"embeddable":true,"href":"https:\/\/www.europesays.com\/pt\/wp-json\/wp\/v2\/users\/2"}],"replies":[{"embeddable":true,"href":"https:\/\/www.europesays.com\/pt\/wp-json\/wp\/v2\/comments?post=108440"}],"version-history":[{"count":0,"href":"https:\/\/www.europesays.com\/pt\/wp-json\/wp\/v2\/posts\/108440\/revisions"}],"wp:featuredmedia":[{"embeddable":true,"href":"https:\/\/www.europesays.com\/pt\/wp-json\/wp\/v2\/media\/108441"}],"wp:attachment":[{"href":"https:\/\/www.europesays.com\/pt\/wp-json\/wp\/v2\/media?parent=108440"}],"wp:term":[{"taxonomy":"category","embeddable":true,"href":"https:\/\/www.europesays.com\/pt\/wp-json\/wp\/v2\/categories?post=108440"},{"taxonomy":"post_tag","embeddable":true,"href":"https:\/\/www.europesays.com\/pt\/wp-json\/wp\/v2\/tags?post=108440"}],"curies":[{"name":"wp","href":"https:\/\/api.w.org\/{rel}","templated":true}]}}