{"id":108479,"date":"2025-10-13T02:07:11","date_gmt":"2025-10-13T02:07:11","guid":{"rendered":"https:\/\/www.europesays.com\/pt\/108479\/"},"modified":"2025-10-13T02:07:11","modified_gmt":"2025-10-13T02:07:11","slug":"ps-e-a-fenix-renascida-relega-chega-para-quinto-e-assume-se-alternativa-ao-psd-autarquicas-2025","status":"publish","type":"post","link":"https:\/\/www.europesays.com\/pt\/108479\/","title":{"rendered":"PS \u00e9 a f\u00e9nix renascida. Relega Chega para quinto e assume-se alternativa ao PSD | Aut\u00e1rquicas 2025"},"content":{"rendered":"<p>Quase sem voz, mas a falar sobre o <a href=\"https:\/\/www.publico.pt\/autarquicas-2025\" rel=\"nofollow noopener\" target=\"_blank\">PS que sai destas aut\u00e1rquicas<\/a> como uma f\u00e9nix renascida das cinzas da hecatombe das legislativas de Maio. Foi assim que, \u00e0 meia-noite, Jos\u00e9 Lu\u00eds Carneiro se apresentou na Sala da M\u00fasica da sede do partido, sem bandeiras nem militantes, mas apenas dirigentes do partido, para reclamar que \u201co PS voltou, depois de uma derrota eleitoral pesada [em que foi relegado para terceira for\u00e7a no Parlamento], como o grande <a href=\"https:\/\/www.publico.pt\/2025\/10\/10\/politica\/noticia\/jose-luis-carneiro-faz-bem-dizer-sim-orcamento-2150308\" rel=\"nofollow noopener\" target=\"_blank\">partido da alternativa pol\u00edtica<\/a> ao Governo\u201d. Por\u00e9m, apesar de ter perdido as elei\u00e7\u00f5es aut\u00e1rquicas j\u00e1 que teve menos presid\u00eancias de c\u00e2maras que o PSD, nunca usou a palavra derrota e destacou o facto de duplicar as capitais de distrito (para dez), o que mostra a confian\u00e7a do eleitorado urbano e \u201cmais exigente\u201d.<\/p>\n<p>Nesta sua primeira <a href=\"https:\/\/www.publico.pt\/2025\/10\/12\/politica\/noticia\/eleicoes-autarquicas-acompanhe-aqui-ida-urnas-2150372?ref=hp&amp;cx=manchete_1_destaque_0\" rel=\"nofollow noopener\" target=\"_blank\">noite eleitoral <\/a>como l\u00edder, o socialista puxou ainda para o PS os louros pela travagem ao Chega que, disse, foi \u201crelegado para quinto lugar\u201d, atr\u00e1s da CDU e do CDS-PP, esquecendo-se at\u00e9 de contabilizar os munic\u00edpios liderados por independentes. \u201cPara os que achavam que estava em perda, o PS mostrou vitalidade e os portugueses mostraram que continuam a confiar\u201d no partido e nos seus autarcas, insistiu o secret\u00e1rio-geral que n\u00e3o se cansou de referir a \u201chumildade democr\u00e1tica\u201d do partido. \u201cN\u00e3o alcan\u00e7\u00e1mos todos os objectivos mas alcan\u00e7\u00e1mos outros que est\u00e1vamos longe de imaginar\u201d, ou seja, baterem-se \u201ctaco a taco\u201d em Lisboa e Porto e ganhar Viseu.<\/p>\n<p>Sobre a avalia\u00e7\u00e3o que fez da sua lideran\u00e7a neste processo eleitoral, <a href=\"https:\/\/www.publico.pt\/jose-luis-carneiro\" rel=\"nofollow noopener\" target=\"_blank\">Jos\u00e9 Lu\u00eds Carneiro<\/a> considerou mesmo que os portugueses mostraram uma \u201cconfian\u00e7a refor\u00e7ada na lideran\u00e7a do PS\u201d. \u201cIsso parece-me inequ\u00edvoco\u201d, apontou, apesar de estar a colher os louros das vit\u00f3rias de candidatos escolhidos pelo seu antecessor, Pedro Nuno Santos.<\/p>\n<p>A ideia da resist\u00eancia do PS tinha j\u00e1 sido avan\u00e7ada pelas 22h por Andr\u00e9 Rijo, o coordenador aut\u00e1rquico do partido, que veio dizer aos jornalistas, com voz confiante, que \u201cas not\u00edcias da eros\u00e3o estrutural do ponto de vista eleitoral do PS eram manifestamente exageradas\u201d. Nessa altura, os socialistas ainda acreditavam poder ganhar Lisboa e o Porto.<\/p>\n<p>        &#13;<\/p>\n<p>&#13;<br \/>\n                &#13;\n            <\/p>\n<p>&#13;<\/p>\n<p>Nas contas finais, os socialistas ter\u00e3o 130 presid\u00eancias de munic\u00edpios, enquanto o <a href=\"https:\/\/www.publico.pt\/2025\/10\/12\/politica\/noticia\/montenegro-nao-vou-demitir-certeza-podem-ja-tirar-cavalinho-chuva-2150532\" rel=\"nofollow noopener\" target=\"_blank\">PSD<\/a> dever\u00e1 somar 134, o que significa que deixar\u00e3o de presidir \u00e0 ANMP &#8211; Associa\u00e7\u00e3o Nacional de Munic\u00edpios Portugueses. Mas duplicam as c\u00e2maras de capitais de distrito, de cinco para dez, incluindo alguns basti\u00f5es sociais-democratas como Viseu, Bragan\u00e7a e Faro, ou comunista, como \u00c9vora. \u201cNo Algarve, onde havia profunda preocupa\u00e7\u00e3o com o crescimento da extrema-direita, o PS fechou com 11 c\u00e2maras; o PSD, duas; o Chega, uma; a CDU, uma; e os independentes com uma. Ou seja, uma vit\u00f3ria hegem\u00f3nica do PS no Algarve\u201d, descreveu.<\/p>\n<p>\u201cA responsabilidade \u00e9 de todos\u201d <\/p>\n<p>Depois de algum desencontro entre Carneiro e Carlos C\u00e9sar sobre a responsabiliza\u00e7\u00e3o pelos resultados, com o segundo, presidente do partido, a dizer que esta cabe \u00e0s direc\u00e7\u00f5es dos partidos por participarem na escolha dos candidatos, o secret\u00e1rio-geral disse que \u201ca responsabilidade \u00e9 de todos\u201d quando o PS falha munic\u00edpios que assumira como fundamentais &#8211; Lisboa, Porto e Sintra. Sobre a redu\u00e7\u00e3o geral de munic\u00edpios, Carneiro lembrou que o PS tinha o \u201ccomplexo desafio\u201d de substituir 49 presidentes em fim de mandato, mas ainda assim conseguiu manter mais de metade dos munic\u00edpios onde houve transi\u00e7\u00e3o para uma nova cara (perdeu 19 desses, manteve as restantes).<\/p>\n<p>Nas capitais de distrito, os socialistas perdem Beja para o PSD, mas acabam a ganhar Viseu que era um basti\u00e3o social-democrata desde 1989, Coimbra (a ex-ministra Ana Abrunhosa retirou a cidade ao independente Jos\u00e9 Manuel Silva), \u00c9vora (pela m\u00e3o do ex-eurodeputado Carlos Zorrinho), Bragan\u00e7a (com a ajuda da ex-secret\u00e1ria de Estado Isabel Ferreira, que rompe 28 anos de dom\u00ednio do PSD), Faro (Ant\u00f3nio Pina foi de Olh\u00e3o para reconquistar a capital do Algarve que era PSD h\u00e1 16 anos). Aos comunistas, o PS ganha, por exemplo, as c\u00e2maras de Monforte, Gr\u00e2ndola, Alc\u00e1cer do Sal, Vidigueira, Serpa; e ao PSD Penedono, Ma\u00e7\u00e3o, Vieira do Minho, Tabua\u00e7o.<\/p>\n","protected":false},"excerpt":{"rendered":"Quase sem voz, mas a falar sobre o PS que sai destas aut\u00e1rquicas como uma f\u00e9nix renascida das&hellip;\n","protected":false},"author":2,"featured_media":108480,"comment_status":"","ping_status":"","sticky":false,"template":"","format":"standard","meta":{"footnotes":""},"categories":[10],"tags":[2431,27,28,15,16,14,2433,25,26,21,22,12,13,19,20,52,32,23,24,455,33,17,18,29,30,31],"class_list":{"0":"post-108479","1":"post","2":"type-post","3":"status-publish","4":"format-standard","5":"has-post-thumbnail","7":"category-portugal","8":"tag-autarquicas-2025","9":"tag-breaking-news","10":"tag-breakingnews","11":"tag-featured-news","12":"tag-featurednews","13":"tag-headlines","14":"tag-jose-luis-carneiro","15":"tag-latest-news","16":"tag-latestnews","17":"tag-main-news","18":"tag-mainnews","19":"tag-news","20":"tag-noticias","21":"tag-noticias-principais","22":"tag-noticiasprincipais","23":"tag-politica","24":"tag-portugal","25":"tag-principais-noticias","26":"tag-principaisnoticias","27":"tag-ps","28":"tag-pt","29":"tag-top-stories","30":"tag-topstories","31":"tag-ultimas","32":"tag-ultimas-noticias","33":"tag-ultimasnoticias"},"share_on_mastodon":{"url":"","error":""},"_links":{"self":[{"href":"https:\/\/www.europesays.com\/pt\/wp-json\/wp\/v2\/posts\/108479","targetHints":{"allow":["GET"]}}],"collection":[{"href":"https:\/\/www.europesays.com\/pt\/wp-json\/wp\/v2\/posts"}],"about":[{"href":"https:\/\/www.europesays.com\/pt\/wp-json\/wp\/v2\/types\/post"}],"author":[{"embeddable":true,"href":"https:\/\/www.europesays.com\/pt\/wp-json\/wp\/v2\/users\/2"}],"replies":[{"embeddable":true,"href":"https:\/\/www.europesays.com\/pt\/wp-json\/wp\/v2\/comments?post=108479"}],"version-history":[{"count":0,"href":"https:\/\/www.europesays.com\/pt\/wp-json\/wp\/v2\/posts\/108479\/revisions"}],"wp:featuredmedia":[{"embeddable":true,"href":"https:\/\/www.europesays.com\/pt\/wp-json\/wp\/v2\/media\/108480"}],"wp:attachment":[{"href":"https:\/\/www.europesays.com\/pt\/wp-json\/wp\/v2\/media?parent=108479"}],"wp:term":[{"taxonomy":"category","embeddable":true,"href":"https:\/\/www.europesays.com\/pt\/wp-json\/wp\/v2\/categories?post=108479"},{"taxonomy":"post_tag","embeddable":true,"href":"https:\/\/www.europesays.com\/pt\/wp-json\/wp\/v2\/tags?post=108479"}],"curies":[{"name":"wp","href":"https:\/\/api.w.org\/{rel}","templated":true}]}}