{"id":108483,"date":"2025-10-13T02:16:08","date_gmt":"2025-10-13T02:16:08","guid":{"rendered":"https:\/\/www.europesays.com\/pt\/108483\/"},"modified":"2025-10-13T02:16:08","modified_gmt":"2025-10-13T02:16:08","slug":"segredo-revelado-saiba-quem-tem-pais-milionarios-no-secret-story-secret-story","status":"publish","type":"post","link":"https:\/\/www.europesays.com\/pt\/108483\/","title":{"rendered":"Segredo revelado! Saiba quem tem pais milion\u00e1rios no Secret Story &#8211; Secret Story"},"content":{"rendered":"<p data-end=\"826\" data-start=\"578\">O mist\u00e9rio chegou ao fim! Durante a gala do <strong>Secret Story 9<\/strong>, foi finalmente revelado o dono do segredo \u00abOs meus pais s\u00e3o milion\u00e1rios\u00bb. O segredo pertence a <strong data-end=\"744\" data-start=\"735\">Dylan<\/strong>, que aproveitou o momento para partilhar a emocionante hist\u00f3ria da sua fam\u00edlia.<\/p>\n<p data-end=\"1093\" data-start=\"828\">O concorrente explicou que os pais foram <strong data-end=\"892\" data-start=\"869\">emigrantes na Su\u00ed\u00e7a<\/strong>, para onde se mudaram muito jovens em busca de melhores condi\u00e7\u00f5es de vida. Com esfor\u00e7o e dedica\u00e7\u00e3o, come\u00e7ando sem nada, do zero, trabalharam em <strong data-end=\"1042\" data-start=\"1008\">v\u00e1rios empregos ao mesmo tempo<\/strong> e lutaram para garantir estabilidade financeira.<\/p>\n<p data-end=\"1450\" data-start=\"1095\">Com o passar dos anos, conseguiram abrir <strong data-end=\"1157\" data-start=\"1136\">neg\u00f3cios pr\u00f3prios<\/strong> e construir uma vida confort\u00e1vel, proporcionando aos filhos oportunidades que eles pr\u00f3prios nunca tiveram, como contou Dylan, visivelmente orgulhoso.<\/p>\n<p>Veja o momento: <\/p>\n<p data-end=\"1609\" data-start=\"1452\">Mais uma vez, o <strong>Secret Story 9<\/strong> prova que cada segredo tem uma hist\u00f3ria \u00fanica e inspiradora por detr\u00e1s e o de Dylan \u00e9, sem d\u00favida, um exemplo de determina\u00e7\u00e3o e conquista.<\/p>\n","protected":false},"excerpt":{"rendered":"O mist\u00e9rio chegou ao fim! Durante a gala do Secret Story 9, foi finalmente revelado o dono do&hellip;\n","protected":false},"author":2,"featured_media":108484,"comment_status":"","ping_status":"","sticky":false,"template":"","format":"standard","meta":{"footnotes":""},"categories":[142],"tags":[8113,2632,329,333,328,335,336,19105,114,115,334,330,1326,338,19019,13,32,33,1315,7958,8174,151,162,19020,227],"class_list":{"0":"post-108483","1":"post","2":"type-post","3":"status-publish","4":"format-standard","5":"has-post-thumbnail","7":"category-tv","8":"tag-alice-alves","9":"tag-casa-dos-segredos","10":"tag-claudio-ramos","11":"tag-comentadores","12":"tag-concorrentes","13":"tag-confrontos","14":"tag-discussoes","15":"tag-dylan","16":"tag-entertainment","17":"tag-entretenimento","18":"tag-exclusivos","19":"tag-gala","20":"tag-mafalda-castro","21":"tag-maria-botelho-moniz","22":"tag-marta-cardoso","23":"tag-noticias","24":"tag-portugal","25":"tag-pt","26":"tag-secret-story","27":"tag-segredo","28":"tag-segredos","29":"tag-tv","30":"tag-tvi","31":"tag-video-do-dia","32":"tag-videos"},"share_on_mastodon":{"url":"","error":""},"_links":{"self":[{"href":"https:\/\/www.europesays.com\/pt\/wp-json\/wp\/v2\/posts\/108483","targetHints":{"allow":["GET"]}}],"collection":[{"href":"https:\/\/www.europesays.com\/pt\/wp-json\/wp\/v2\/posts"}],"about":[{"href":"https:\/\/www.europesays.com\/pt\/wp-json\/wp\/v2\/types\/post"}],"author":[{"embeddable":true,"href":"https:\/\/www.europesays.com\/pt\/wp-json\/wp\/v2\/users\/2"}],"replies":[{"embeddable":true,"href":"https:\/\/www.europesays.com\/pt\/wp-json\/wp\/v2\/comments?post=108483"}],"version-history":[{"count":0,"href":"https:\/\/www.europesays.com\/pt\/wp-json\/wp\/v2\/posts\/108483\/revisions"}],"wp:featuredmedia":[{"embeddable":true,"href":"https:\/\/www.europesays.com\/pt\/wp-json\/wp\/v2\/media\/108484"}],"wp:attachment":[{"href":"https:\/\/www.europesays.com\/pt\/wp-json\/wp\/v2\/media?parent=108483"}],"wp:term":[{"taxonomy":"category","embeddable":true,"href":"https:\/\/www.europesays.com\/pt\/wp-json\/wp\/v2\/categories?post=108483"},{"taxonomy":"post_tag","embeddable":true,"href":"https:\/\/www.europesays.com\/pt\/wp-json\/wp\/v2\/tags?post=108483"}],"curies":[{"name":"wp","href":"https:\/\/api.w.org\/{rel}","templated":true}]}}