{"id":108493,"date":"2025-10-13T02:25:07","date_gmt":"2025-10-13T02:25:07","guid":{"rendered":"https:\/\/www.europesays.com\/pt\/108493\/"},"modified":"2025-10-13T02:25:07","modified_gmt":"2025-10-13T02:25:07","slug":"desastre-para-a-cdu-acabou-com-algo-que-nunca-aconteceu-na-historia-das-autarquicas","status":"publish","type":"post","link":"https:\/\/www.europesays.com\/pt\/108493\/","title":{"rendered":"Desastre para a CDU acabou com algo que nunca aconteceu na hist\u00f3ria das aut\u00e1rquicas"},"content":{"rendered":"<p>\t                Em Set\u00fabal, o presidente da C\u00e2mara e recandidato n\u00e3o foi al\u00e9m do quarto lugar. Em \u00c9vora, Jo\u00e3o Ferreira ficou atr\u00e1s do PSD. H\u00e1 &#8220;uma redu\u00e7\u00e3o da express\u00e3o eleitoral&#8221;, assume Paulo Raimundo<\/p>\n<p>\u00c9 a primeira vez na hist\u00f3ria que a CDU n\u00e3o conquista uma capital de distrito em elei\u00e7\u00f5es aut\u00e1rquicas. Em todos os outros momentos, o partido hoje liderado por Paulo Raimundo, conseguiu sempre controlar ou \u00c9vora ou Set\u00fabal.\u00a0<\/p>\n<p>Nesta noite, deu-se uma hecatombe. N\u00e3o s\u00f3 o atual presidente da C\u00e2mara de Set\u00fabal e recandidato pelos comunistas, Andr\u00e9 Martins, n\u00e3o conseguiu segurar o lugar como, ao que tudo indica, n\u00e3o dever\u00e1 ir al\u00e9m de uma verea\u00e7\u00e3o. Em \u00c9vora, onde a CDU tinha vencido em 2021, a candidatura de Jo\u00e3o Oliveira n\u00e3o foi al\u00e9m do terceiro lugar e conquistando apenas um mandato.\u00a0<\/p>\n<p>Na verdade, nas elei\u00e7\u00f5es aut\u00e1rquicas deste domingo, a disputa em \u00c9vora deu-se entre o PS &#8211; que reconquistou a autarquia 22 anos depois e obteve 29.83% &#8211; e o PSD que ficou em segundo lugar com menos 156 votos.\u00a0<\/p>\n<p>J\u00e1 em Set\u00fabal, a luta continua a dar-se entre Maria das Dores Meira, antiga autarca da CDU que se desfiliou ap\u00f3s a posi\u00e7\u00e3o do partido sobre a vit\u00f3ria de Nicol\u00e1s Maduro em 2024, e Fernando Jos\u00e9, o candidato do PS.\u00a0<\/p>\n<p>\u00c9 um resultado distante do per\u00edodo \u00e1ureo da CDU aut\u00e1rquica. Em 1982, por exemplo, a CDU conseguiu ficar \u00e0 frente em tr\u00eas capitais de distrito: \u00c9vora, onde elegeu Ab\u00edlio Fernandes, Set\u00fabal com o autarca Francisco Lobo e Beja, elegendo Jos\u00e9 Carreira Marques.\u00a0<\/p>\n<p>Em \u00c9vora, a CDU conseguiu ser a coliga\u00e7\u00e3o mais votada entre 1976 e 1997, tendo sido derrotada nas elei\u00e7\u00f5es de 2001, 2005 e 2009 pelo PS, mas conseguindo reconquistar a autarquia nas elei\u00e7\u00f5es de 2013, 2017 e 2021. J\u00e1 em Set\u00fabal, os comunistas n\u00e3o perdiam uma elei\u00e7\u00e3o desde 1997. E em Beja, a CDU foi ininterruptamente a vencedora aut\u00e1rquica entre 1976 e 2005 e em 2013.<\/p>\n<p>Na primeira avalia\u00e7\u00e3o que fez da noite eleitoral, Paulo Raimundo assumiu o mau resultado, sublinhando que tudo apontava \u201cpara uma redu\u00e7\u00e3o da express\u00e3o eleitoral da CDU, seja da sua vota\u00e7\u00e3o, seja dos seus mandatos, seja do n\u00famero de munic\u00edpios em que \u00e9 for\u00e7a maiorit\u00e1ria\u201d. Ainda assim, destacou \u201celementos de resist\u00eancia\u201d, designadamente a conquista de maiorias em 11 munic\u00edpios, entre as quais quatro novas autarquias: Mora, Sines, Montemor-o-Novo e Aljustrel.<\/p>\n","protected":false},"excerpt":{"rendered":"Em Set\u00fabal, o presidente da C\u00e2mara e recandidato n\u00e3o foi al\u00e9m do quarto lugar. Em \u00c9vora, Jo\u00e3o Ferreira&hellip;\n","protected":false},"author":2,"featured_media":108494,"comment_status":"","ping_status":"","sticky":false,"template":"","format":"standard","meta":{"footnotes":""},"categories":[10],"tags":[609,836,611,15187,27,28,4861,607,608,333,832,604,135,610,476,2258,4917,15,16,301,830,14,603,25,26,570,21,22,831,833,62,834,12,13,19,20,835,602,52,32,23,24,33,11317,17,18,29,30,31],"class_list":{"0":"post-108493","1":"post","2":"type-post","3":"status-publish","4":"format-standard","5":"has-post-thumbnail","7":"category-portugal","8":"tag-alerta","9":"tag-analise","10":"tag-ao-minuto","11":"tag-autarquicas","12":"tag-breaking-news","13":"tag-breakingnews","14":"tag-cdu","15":"tag-cnn","16":"tag-cnn-portugal","17":"tag-comentadores","18":"tag-costa","19":"tag-crime","20":"tag-desporto","21":"tag-direto","22":"tag-economia","23":"tag-eleicoes","24":"tag-evora","25":"tag-featured-news","26":"tag-featurednews","27":"tag-governo","28":"tag-guerra","29":"tag-headlines","30":"tag-justica","31":"tag-latest-news","32":"tag-latestnews","33":"tag-live","34":"tag-main-news","35":"tag-mainnews","36":"tag-mais-vistas","37":"tag-marcelo","38":"tag-mundo","39":"tag-negocios","40":"tag-news","41":"tag-noticias","42":"tag-noticias-principais","43":"tag-noticiasprincipais","44":"tag-opiniao","45":"tag-pais","46":"tag-politica","47":"tag-portugal","48":"tag-principais-noticias","49":"tag-principaisnoticias","50":"tag-pt","51":"tag-setubal","52":"tag-top-stories","53":"tag-topstories","54":"tag-ultimas","55":"tag-ultimas-noticias","56":"tag-ultimasnoticias"},"share_on_mastodon":{"url":"","error":""},"_links":{"self":[{"href":"https:\/\/www.europesays.com\/pt\/wp-json\/wp\/v2\/posts\/108493","targetHints":{"allow":["GET"]}}],"collection":[{"href":"https:\/\/www.europesays.com\/pt\/wp-json\/wp\/v2\/posts"}],"about":[{"href":"https:\/\/www.europesays.com\/pt\/wp-json\/wp\/v2\/types\/post"}],"author":[{"embeddable":true,"href":"https:\/\/www.europesays.com\/pt\/wp-json\/wp\/v2\/users\/2"}],"replies":[{"embeddable":true,"href":"https:\/\/www.europesays.com\/pt\/wp-json\/wp\/v2\/comments?post=108493"}],"version-history":[{"count":0,"href":"https:\/\/www.europesays.com\/pt\/wp-json\/wp\/v2\/posts\/108493\/revisions"}],"wp:featuredmedia":[{"embeddable":true,"href":"https:\/\/www.europesays.com\/pt\/wp-json\/wp\/v2\/media\/108494"}],"wp:attachment":[{"href":"https:\/\/www.europesays.com\/pt\/wp-json\/wp\/v2\/media?parent=108493"}],"wp:term":[{"taxonomy":"category","embeddable":true,"href":"https:\/\/www.europesays.com\/pt\/wp-json\/wp\/v2\/categories?post=108493"},{"taxonomy":"post_tag","embeddable":true,"href":"https:\/\/www.europesays.com\/pt\/wp-json\/wp\/v2\/tags?post=108493"}],"curies":[{"name":"wp","href":"https:\/\/api.w.org\/{rel}","templated":true}]}}