{"id":108499,"date":"2025-10-13T02:32:13","date_gmt":"2025-10-13T02:32:13","guid":{"rendered":"https:\/\/www.europesays.com\/pt\/108499\/"},"modified":"2025-10-13T02:32:13","modified_gmt":"2025-10-13T02:32:13","slug":"anjo-da-sorte-ha-convites-duplos-para-a-antestreia-do-filme-com-keanu-reeves-e-seth-rogen","status":"publish","type":"post","link":"https:\/\/www.europesays.com\/pt\/108499\/","title":{"rendered":"Anjo da Sorte | H\u00e1 convites duplos para a antestreia do filme com Keanu Reeves e Seth Rogen"},"content":{"rendered":"<p>&#13;<br \/>\n\t\t\t\t Users: 257&#13;\n\t\t\t<\/p>\n<p style=\"text-align: justify;\"><b>\u201cAnjo da Sorte\u201d, com Keanu Reeves e Seth Rogen,<\/b><strong> chega \u00e0s salas de cinema nacionais a 23 de outubro.<\/strong><\/p>\n<p>O filme | Anjo da Sorte<\/p>\n<p><img loading=\"lazy\" decoding=\"async\" class=\"wp-image-739133 aligncenter\" src=\"data:image\/svg+xml,%3Csvg%20xmlns=\" http:=\"\" alt=\"Good Fortune Anjo da Sorte\" width=\"500\" height=\"709\" data-lazy- data-lazy- data-lazy-src=\"https:\/\/www.europesays.com\/pt\/wp-content\/uploads\/2025\/10\/good-fortune-anjo-da-sorte-poster-1.webp.webp\"\/><\/p>\n<p><strong>Sinopse: <\/strong>Um anjo bem-intencionado, mas algo incapaz, chamado Gabriel, intromete-se na vida de um trabalhador independente em dificuldades e de um rico capitalista de risco.<\/p>\n<p>Realizado por Aziz Ansari o elenco do filme junta Seth Rogen, Keke Palmer e Keanu Reeves, bem como Aziz Ansari, Blanca Araceli e Sandra Oh.<\/p>\n<p><a class=\"gcc-anchor\" id=\"1\"\/><br \/>\nAnjo da Sorte | Passatempo MHD<\/p>\n<p style=\"text-align: justify;\">A Magazine.HD, em parceria com a <a href=\"https:\/\/www.pris.pt\/filme\/tudo-acontece-em-paris\/\" target=\"_blank\" rel=\"noopener nofollow\">PRIS Audiovisuais<\/a>, tem para oferecer convites duplos para a antestreia do filme <b>\u201cAnjo da Sorte<\/b><b>\u201c<\/b>, no dia 20 de outubro (segunda-feira), pelas 21h30.<\/p>\n<ul>\n<li style=\"list-style-type: none;\">\n<ul>\n<li><strong>Lisboa \u2013 Cinemas UCI El Corte Ingl\u00e9s <\/strong>\u2013 5 convites duplos<\/li>\n<li><b>Porto \u2013 Cinemas UCI Arr\u00e1bida Shopping <\/b>\u2013 10 convites duplos<\/li>\n<\/ul>\n<\/li>\n<\/ul>\n<p style=\"text-align: justify;\">Para te habilitares a um destes pr\u00e9mios basta fazer\u00a0<strong>Follow no Instagram da\u00a0<a href=\"https:\/\/www.instagram.com\/magazine.hd\/\" rel=\"nofollow noopener\" target=\"_blank\">Magazine.HD<\/a>\u00a0<\/strong>e da <a href=\"https:\/\/www.instagram.com\/prisfilmes\/\" target=\"_blank\" rel=\"noopener nofollow\"><strong>PRIS Audiovisuais<\/strong><\/a><strong>,<\/strong>\u00a0e\u00a0preencher os dados requeridos no\u00a0<a href=\"https:\/\/www.magazine-hd.com\/apps\/wp\/anjo-da-sorte-convites-antestreia-keanu-reeves-seth-rogen\/\" target=\"_blank\" rel=\"noopener noreferrer nofollow\"><strong>Formul\u00e1rio de Participa\u00e7\u00e3o<\/strong><\/a> at\u00e9 <strong>17 de outubro<\/strong>.<\/p>\n<p><strong>Formul\u00e1rio<\/strong><strong>:<\/strong><\/p>\n<p style=\"text-align: center;\">\n<p style=\"text-align: center;\"><strong>Importante:<\/strong><\/p>\n<ul style=\"text-align: center;\">\n<li style=\"text-align: justify;\">Para a atribui\u00e7\u00e3o de qualquer pr\u00e9mio, designadamente convites, dvds, blu-rays, cds, jogos ou livros, ser\u00e3o apenas consideradas participa\u00e7\u00f5es v\u00e1lidas, aquelas que incluam os dados pessoais solicitados, al\u00e9m da indica\u00e7\u00e3o das respostas certas.<\/li>\n<li style=\"text-align: justify;\">O evento \u00e9 privado, sendo que a admiss\u00e3o pode ser vetada pelos respons\u00e1veis do evento, a qualquer momento do evento.<\/li>\n<li style=\"text-align: justify;\">S\u00f3 \u00e9 v\u00e1lida uma participa\u00e7\u00e3o por pessoa. As participa\u00e7\u00f5es repetidas (com o mesmo e-mail ou cart\u00e3o do cidad\u00e3o) ser\u00e3o ANULADAS.\u00a0No caso do passatempo incluir mais do que um pr\u00e9mio, o leitor pode ter uma participa\u00e7\u00e3o por pr\u00e9mio. Por exemplo, havendo antestreia do filme em Lisboa e no Porto, o leitor pode participar uma vez para Lisboa, e uma vez para o Porto. Contudo, \u00e9 necess\u00e1rio ter em aten\u00e7\u00e3o que o participante n\u00e3o ser\u00e1 vencedor de mais do que um pr\u00e9mio. Por exemplo, se ele receber o bilhete duplo para a antestreia no Porto, ele n\u00e3o poder\u00e1 ir \u00e0 antestreia de Lisboa, e vice-versa.<\/li>\n<li style=\"text-align: justify;\">No local de levantamento do convite, pode ser pedido pelo Cinema exibidor, identifica\u00e7\u00e3o via documento adequado designadamente cart\u00e3o de cidad\u00e3o. S\u00f3 s\u00e3o consideradas participa\u00e7\u00f5es com nome completo.<\/li>\n<li style=\"text-align: justify;\">Os convites s\u00e3o pessoais e intransmiss\u00edveis, sendo que s\u00f3 podem ser levantados pelos pr\u00f3prios vencedores mediante a apresenta\u00e7\u00e3o de um documento de identifica\u00e7\u00e3o dentro do prazo de validade. N\u00e3o existe op\u00e7\u00e3o de fornecer \u201cautoriza\u00e7\u00f5es\u201d para levantamento.<\/li>\n<li style=\"text-align: justify;\">As desist\u00eancias de \u00faltima hora \u00e0s antestreias ser\u00e3o penalizadas. Apenas deve concorrer quem sabe ir poder usufruir, pois o contr\u00e1rio prejudica o Distribuidor Sponsor do passatempo, o Cinema exibidor, a MHD e os restantes participantes que poderiam ter usufru\u00eddo desse pr\u00e9mio.<\/li>\n<li style=\"text-align: justify;\">Salvo indica\u00e7\u00e3o expressa em contr\u00e1rio, os portes de envio n\u00e3o est\u00e3o inclu\u00eddos.<\/li>\n<li style=\"text-align: justify;\">A participa\u00e7\u00e3o neste passatempo pressup\u00f5e que o seu titular aceita lhe seja enviada a nossa Newsletter informativa e de aviso sobre outros passatempos.<\/li>\n<\/ul>\n<p>\n        About The Author<\/p>\n<p>                <a href=\"https:\/\/www.magazine-hd.com\/apps\/wp\/author\/jfernandes\/\" rel=\"nofollow noopener\" target=\"_blank\"><img loading=\"lazy\" decoding=\"async\" width=\"150\" height=\"150\" src=\"data:image\/svg+xml,%3Csvg%20xmlns=\" http:=\"\" class=\"avatar avatar-150 photo\" alt=\"\" data-lazy- data-lazy- data-lazy-src=\"https:\/\/www.europesays.com\/pt\/wp-content\/uploads\/2025\/08\/JFavatar-0-00-00-02-150x150.jpg\"\/><\/a><\/p>\n<p>                    <a href=\"https:\/\/www.magazine-hd.com\/apps\/wp\/author\/jfernandes\/\" rel=\"nofollow noopener\" target=\"_blank\">Jo\u00e3o Fernandes<\/a><\/p>\n<p>Licenciado em Cinema pela Universidade da Beira-Interior, onde produziu as curtas-metragens \u201cEntre-Portas\u201d, \u201cThe Girl and the Meadow\u201d, e \u201cMaking Art\u201d. Foi produtor de conte\u00fado audiovisual para o Club Otaku. Fez a sua estreia na MHD em 2017, sendo atualmente redator de conte\u00fado, coordenador de Gaming, Qualidade e Parcerias. Possui uma aprecia\u00e7\u00e3o especial por banda desenhada, fotografia e videojogos.<\/p>\n<p>\t\t<script async src=\"\/\/www.instagram.com\/embed.js\"><\/script><\/p>\n","protected":false},"excerpt":{"rendered":"&#13; Users: 257&#13; \u201cAnjo da Sorte\u201d, com Keanu Reeves e Seth Rogen, chega \u00e0s salas de cinema nacionais&hellip;\n","protected":false},"author":2,"featured_media":108500,"comment_status":"","ping_status":"","sticky":false,"template":"","format":"standard","meta":{"footnotes":""},"categories":[140],"tags":[25883,23757,25884,114,115,147,148,23758,22666,25885,146,32,33,25886,17014],"class_list":{"0":"post-108499","1":"post","2":"type-post","3":"status-publish","4":"format-standard","5":"has-post-thumbnail","7":"category-filmes","8":"tag-anjo-da-sorte","9":"tag-aziz-ansari","10":"tag-blanca-araceli","11":"tag-entertainment","12":"tag-entretenimento","13":"tag-film","14":"tag-filmes","15":"tag-good-fortune","16":"tag-keanu-reeves","17":"tag-keke-palmer","18":"tag-movies","19":"tag-portugal","20":"tag-pt","21":"tag-sandra-oh","22":"tag-seth-rogen"},"share_on_mastodon":{"url":"","error":""},"_links":{"self":[{"href":"https:\/\/www.europesays.com\/pt\/wp-json\/wp\/v2\/posts\/108499","targetHints":{"allow":["GET"]}}],"collection":[{"href":"https:\/\/www.europesays.com\/pt\/wp-json\/wp\/v2\/posts"}],"about":[{"href":"https:\/\/www.europesays.com\/pt\/wp-json\/wp\/v2\/types\/post"}],"author":[{"embeddable":true,"href":"https:\/\/www.europesays.com\/pt\/wp-json\/wp\/v2\/users\/2"}],"replies":[{"embeddable":true,"href":"https:\/\/www.europesays.com\/pt\/wp-json\/wp\/v2\/comments?post=108499"}],"version-history":[{"count":0,"href":"https:\/\/www.europesays.com\/pt\/wp-json\/wp\/v2\/posts\/108499\/revisions"}],"wp:featuredmedia":[{"embeddable":true,"href":"https:\/\/www.europesays.com\/pt\/wp-json\/wp\/v2\/media\/108500"}],"wp:attachment":[{"href":"https:\/\/www.europesays.com\/pt\/wp-json\/wp\/v2\/media?parent=108499"}],"wp:term":[{"taxonomy":"category","embeddable":true,"href":"https:\/\/www.europesays.com\/pt\/wp-json\/wp\/v2\/categories?post=108499"},{"taxonomy":"post_tag","embeddable":true,"href":"https:\/\/www.europesays.com\/pt\/wp-json\/wp\/v2\/tags?post=108499"}],"curies":[{"name":"wp","href":"https:\/\/api.w.org\/{rel}","templated":true}]}}