{"id":108505,"date":"2025-10-13T02:38:19","date_gmt":"2025-10-13T02:38:19","guid":{"rendered":"https:\/\/www.europesays.com\/pt\/108505\/"},"modified":"2025-10-13T02:38:19","modified_gmt":"2025-10-13T02:38:19","slug":"a-super-avo-liudmila-venceu-os-russos-e-trouxe-o-neto-de-volta-a-ucrania-faltam-resgatar-cerca-de-20-mil-criancas-2","status":"publish","type":"post","link":"https:\/\/www.europesays.com\/pt\/108505\/","title":{"rendered":"A super av\u00f3 Liudmila venceu os russos e trouxe o neto de volta \u00e0 Ucr\u00e2nia. Faltam resgatar cerca de 20 mil crian\u00e7as"},"content":{"rendered":"<p>Num momento em que se celebra a paz no M\u00e9dio Oriente &#8211; sempre fr\u00e1gil naquela zona do mundo &#8211; lembramos hoje a guerra que n\u00e3o pode ficar esquecida. Ali tamb\u00e9m h\u00e1 sequestrados, milhares de crian\u00e7as ref\u00e9ns de uma guerra que as separou das fam\u00edlias e \u00e0 espera de serem libertadas.<\/p>\n<p>Petro (nome falso) nasceu numa povoa\u00e7\u00e3o no Donbas que ficou sob dom\u00ednio de Moscovo quando tinha 7 anos. Aos 18 fugiu para Kiev<\/p>\n<p>Pavlo Yuzov<\/p>\n<p>Tale House<\/p>\n<p>Neste podcast di\u00e1rio, Paulo Baldaia conversa com os jornalistas da reda\u00e7\u00e3o do Expresso, correspondentes internacionais e comentadores. De segunda a sexta-feira, a an\u00e1lise das not\u00edcias que sobrevivem \u00e0 espuma dos dias. Oi\u00e7a aqui outros epis\u00f3dios:<\/p>\n","protected":false},"excerpt":{"rendered":"Num momento em que se celebra a paz no M\u00e9dio Oriente &#8211; sempre fr\u00e1gil naquela zona do mundo&hellip;\n","protected":false},"author":2,"featured_media":108506,"comment_status":"","ping_status":"","sticky":false,"template":"","format":"standard","meta":{"footnotes":""},"categories":[50],"tags":[27,28,15,16,14,25,26,21,22,62,12,13,19,20,23,24,17,18,29,30,31,63,64,65],"class_list":{"0":"post-108505","1":"post","2":"type-post","3":"status-publish","4":"format-standard","5":"has-post-thumbnail","7":"category-mundo","8":"tag-breaking-news","9":"tag-breakingnews","10":"tag-featured-news","11":"tag-featurednews","12":"tag-headlines","13":"tag-latest-news","14":"tag-latestnews","15":"tag-main-news","16":"tag-mainnews","17":"tag-mundo","18":"tag-news","19":"tag-noticias","20":"tag-noticias-principais","21":"tag-noticiasprincipais","22":"tag-principais-noticias","23":"tag-principaisnoticias","24":"tag-top-stories","25":"tag-topstories","26":"tag-ultimas","27":"tag-ultimas-noticias","28":"tag-ultimasnoticias","29":"tag-world","30":"tag-world-news","31":"tag-worldnews"},"share_on_mastodon":{"url":"","error":""},"_links":{"self":[{"href":"https:\/\/www.europesays.com\/pt\/wp-json\/wp\/v2\/posts\/108505","targetHints":{"allow":["GET"]}}],"collection":[{"href":"https:\/\/www.europesays.com\/pt\/wp-json\/wp\/v2\/posts"}],"about":[{"href":"https:\/\/www.europesays.com\/pt\/wp-json\/wp\/v2\/types\/post"}],"author":[{"embeddable":true,"href":"https:\/\/www.europesays.com\/pt\/wp-json\/wp\/v2\/users\/2"}],"replies":[{"embeddable":true,"href":"https:\/\/www.europesays.com\/pt\/wp-json\/wp\/v2\/comments?post=108505"}],"version-history":[{"count":0,"href":"https:\/\/www.europesays.com\/pt\/wp-json\/wp\/v2\/posts\/108505\/revisions"}],"wp:featuredmedia":[{"embeddable":true,"href":"https:\/\/www.europesays.com\/pt\/wp-json\/wp\/v2\/media\/108506"}],"wp:attachment":[{"href":"https:\/\/www.europesays.com\/pt\/wp-json\/wp\/v2\/media?parent=108505"}],"wp:term":[{"taxonomy":"category","embeddable":true,"href":"https:\/\/www.europesays.com\/pt\/wp-json\/wp\/v2\/categories?post=108505"},{"taxonomy":"post_tag","embeddable":true,"href":"https:\/\/www.europesays.com\/pt\/wp-json\/wp\/v2\/tags?post=108505"}],"curies":[{"name":"wp","href":"https:\/\/api.w.org\/{rel}","templated":true}]}}