{"id":108521,"date":"2025-10-13T02:52:23","date_gmt":"2025-10-13T02:52:23","guid":{"rendered":"https:\/\/www.europesays.com\/pt\/108521\/"},"modified":"2025-10-13T02:52:23","modified_gmt":"2025-10-13T02:52:23","slug":"inteligencia-artificial-consegue-prever-com-quatro-dias-de-avanco-ventos-solares-destrutivos","status":"publish","type":"post","link":"https:\/\/www.europesays.com\/pt\/108521\/","title":{"rendered":"Intelig\u00eancia artificial consegue prever com quatro dias de avan\u00e7o ventos solares destrutivos"},"content":{"rendered":"<p id=\"block-1\">Uma equipa de cientistas de uma universidade norte-americana desenvolveu um modelo de intelig\u00eancia artificial (IA) capaz de prever a velocidade de ventos solares destrutivos com quatro dias de anteced\u00eancia, noticiou a ag\u00eancia EFE.<\/p>\n<p id=\"block-2\">&#8220;Ao combinar IA avan\u00e7ada com observa\u00e7\u00f5es solares, podemos emitir alertas antecipados que ajudam a proteger tecnologias cr\u00edticas na Terra e no espa\u00e7o&#8221;, disse o investigador do Centro de Astrof\u00edsica e Ci\u00eancia Espacial da Universidade de Nova Iorque Abu Dhabi (sigla inglesa CASS), localizado nos Emirados \u00c1rabes Unidos, Dattaraj Dhuri, em comunicado.<\/p>\n<p id=\"block-3\">Os modelos de linguagem de IA atuais analisam texto para prever a atividade solar, mas o novo sistema, desenvolvido em Abu Dhabi, analisa imagens do Sol para identificar padr\u00f5es referentes \u00e0s altera\u00e7\u00f5es no vento solar. <\/p>\n<p id=\"block-4\">O resultado \u00e9 uma melhoria de 45% na precis\u00e3o das previs\u00f5es em compara\u00e7\u00e3o com os modelos operacionais atuais.<\/p>\n<p id=\"block-5\">O novo modelo representa tamb\u00e9m uma melhoria de 20% em compara\u00e7\u00e3o com as abordagens anteriores baseadas em IA.<\/p>\n<p id=\"block-6\">A equipa de cientistas treinou o modelo de IA utilizando imagens ultravioleta de alta resolu\u00e7\u00e3o combinadas com registos hist\u00f3ricos dos ventos solares.<\/p>\n<p id=\"block-7\">As imagens ultravioletas s\u00e3o do Observat\u00f3rio de Din\u00e2mica Solar da ag\u00eancia espacial norte-americana, NASA.<\/p>\n<p id=\"block-8\">O vento solar \u00e9 um fluxo cont\u00ednuo de part\u00edculas carregadas libertadas pelo Sol. <\/p>\n<p id=\"block-9\">Quando as part\u00edculas aceleram, podem provocar eventos clim\u00e1ticos espaciais que perturbam a atmosfera terrestre, arrastando sat\u00e9lites para fora de \u00f3rbita.<\/p>\n<p id=\"block-10\">A acelera\u00e7\u00e3o de part\u00edculas pode ainda provocar tempestades solares intensas, que interferem com sistemas de comunica\u00e7\u00e3o, redes el\u00e9tricas e o tr\u00e1fego a\u00e9reo. <\/p>\n<p id=\"block-11\">Em 2022, um fen\u00f3meno relacionado com os ventos solares levou \u00e0 perda de 40 sat\u00e9lites Starlink da empresa aeroespacial SpaceX, comprovando a necessidade urgente de melhorar as previs\u00f5es solares, segundo a EFE.<\/p>\n<p id=\"block-12\">&#8220;Este \u00e9 um grande avan\u00e7o na prote\u00e7\u00e3o de sat\u00e9lites, sistemas de navega\u00e7\u00e3o e infraestruturas energ\u00e9ticas dos quais depende a vida moderna&#8221;, disse Dattaraj Dhuri.<\/p>\n<p id=\"block-13\">O avan\u00e7o demonstra como a IA pode resolver um dos desafios mais complexos da ci\u00eancia espacial, a previs\u00e3o de ventos solares, segundo a EFE.<\/p>\n<p id=\"block-14\">As previs\u00f5es mais fi\u00e1veis permitem que os cientistas e engenheiros se preparem melhor para os eventos clim\u00e1ticos espaciais, refor\u00e7ando a resili\u00eancia a interrup\u00e7\u00f5es de infraestruturas cr\u00edticas, de acordo com a mesma fonte.<\/p>\n","protected":false},"excerpt":{"rendered":"Uma equipa de cientistas de uma universidade norte-americana desenvolveu um modelo de intelig\u00eancia artificial (IA) capaz de prever&hellip;\n","protected":false},"author":2,"featured_media":108522,"comment_status":"","ping_status":"","sticky":false,"template":"","format":"standard","meta":{"footnotes":""},"categories":[50],"tags":[27,28,15,16,14,25,26,21,22,62,12,13,19,20,23,24,17,18,29,30,31,63,64,65],"class_list":{"0":"post-108521","1":"post","2":"type-post","3":"status-publish","4":"format-standard","5":"has-post-thumbnail","7":"category-mundo","8":"tag-breaking-news","9":"tag-breakingnews","10":"tag-featured-news","11":"tag-featurednews","12":"tag-headlines","13":"tag-latest-news","14":"tag-latestnews","15":"tag-main-news","16":"tag-mainnews","17":"tag-mundo","18":"tag-news","19":"tag-noticias","20":"tag-noticias-principais","21":"tag-noticiasprincipais","22":"tag-principais-noticias","23":"tag-principaisnoticias","24":"tag-top-stories","25":"tag-topstories","26":"tag-ultimas","27":"tag-ultimas-noticias","28":"tag-ultimasnoticias","29":"tag-world","30":"tag-world-news","31":"tag-worldnews"},"share_on_mastodon":{"url":"","error":""},"_links":{"self":[{"href":"https:\/\/www.europesays.com\/pt\/wp-json\/wp\/v2\/posts\/108521","targetHints":{"allow":["GET"]}}],"collection":[{"href":"https:\/\/www.europesays.com\/pt\/wp-json\/wp\/v2\/posts"}],"about":[{"href":"https:\/\/www.europesays.com\/pt\/wp-json\/wp\/v2\/types\/post"}],"author":[{"embeddable":true,"href":"https:\/\/www.europesays.com\/pt\/wp-json\/wp\/v2\/users\/2"}],"replies":[{"embeddable":true,"href":"https:\/\/www.europesays.com\/pt\/wp-json\/wp\/v2\/comments?post=108521"}],"version-history":[{"count":0,"href":"https:\/\/www.europesays.com\/pt\/wp-json\/wp\/v2\/posts\/108521\/revisions"}],"wp:featuredmedia":[{"embeddable":true,"href":"https:\/\/www.europesays.com\/pt\/wp-json\/wp\/v2\/media\/108522"}],"wp:attachment":[{"href":"https:\/\/www.europesays.com\/pt\/wp-json\/wp\/v2\/media?parent=108521"}],"wp:term":[{"taxonomy":"category","embeddable":true,"href":"https:\/\/www.europesays.com\/pt\/wp-json\/wp\/v2\/categories?post=108521"},{"taxonomy":"post_tag","embeddable":true,"href":"https:\/\/www.europesays.com\/pt\/wp-json\/wp\/v2\/tags?post=108521"}],"curies":[{"name":"wp","href":"https:\/\/api.w.org\/{rel}","templated":true}]}}