{"id":108547,"date":"2025-10-13T03:23:16","date_gmt":"2025-10-13T03:23:16","guid":{"rendered":"https:\/\/www.europesays.com\/pt\/108547\/"},"modified":"2025-10-13T03:23:16","modified_gmt":"2025-10-13T03:23:16","slug":"investigacao-quer-travar-efeitos-das-alteracoes-do-clima-nos-desportos-de-mar","status":"publish","type":"post","link":"https:\/\/www.europesays.com\/pt\/108547\/","title":{"rendered":"Investiga\u00e7\u00e3o quer travar efeitos das altera\u00e7\u00f5es do clima nos desportos de mar"},"content":{"rendered":"<p class=\"western\" align=\"left\">As altera\u00e7\u00f5es clim\u00e1ticas s\u00e3o um grande risco para a pr\u00e1tica de desportos no mar, mas uma equipa de investigadores apon\u00adta solu\u00e7\u00f5es e caminhos a seguir para a adapta\u00e7\u00e3o \u00e0s mudan\u00e7as e contribuir para a prote\u00e7\u00e3o dos oceanos e das zonas costeiras. \u00c9 o momento de juntar atletas e cientistas para proteger os desportos n\u00e1uticos e Maureen Flores, investigadora de p\u00f3s-<br \/>-doutoramento da Universidade de Aveiro e uma dos oradores no TEDSports, em Indianapolis, nos Estados Unidos, no passado m\u00eas de setembro, lidera um grupo de pesquisa. A subida do n\u00edvel do mar, inunda\u00e7\u00f5es, eros\u00e3o costeira e polui\u00e7\u00e3o s\u00e3o as raz\u00f5es que fazem desaparecer praias. Sem praias, desportos como o \u201cbeach sprint rowing\u201d e a nata\u00e7\u00e3o em \u00e1guas abertas \u00abter\u00e3o de come\u00e7ar as suas atividades em alto-mar, perdendo a conex\u00e3o com o estilo de vida, a atmosfera e aquilo que os torna parte da economia costeira\u00bb, diz a investigadora.<\/p>\n","protected":false},"excerpt":{"rendered":"As altera\u00e7\u00f5es clim\u00e1ticas s\u00e3o um grande risco para a pr\u00e1tica de desportos no mar, mas uma equipa de&hellip;\n","protected":false},"author":2,"featured_media":108548,"comment_status":"","ping_status":"","sticky":false,"template":"","format":"standard","meta":{"footnotes":""},"categories":[84],"tags":[109,107,108,32,33,105,103,104,106,110],"class_list":{"0":"post-108547","1":"post","2":"type-post","3":"status-publish","4":"format-standard","5":"has-post-thumbnail","7":"category-ciencia-e-tecnologia","8":"tag-ciencia","9":"tag-ciencia-e-tecnologia","10":"tag-cienciaetecnologia","11":"tag-portugal","12":"tag-pt","13":"tag-science","14":"tag-science-and-technology","15":"tag-scienceandtechnology","16":"tag-technology","17":"tag-tecnologia"},"share_on_mastodon":{"url":"","error":""},"_links":{"self":[{"href":"https:\/\/www.europesays.com\/pt\/wp-json\/wp\/v2\/posts\/108547","targetHints":{"allow":["GET"]}}],"collection":[{"href":"https:\/\/www.europesays.com\/pt\/wp-json\/wp\/v2\/posts"}],"about":[{"href":"https:\/\/www.europesays.com\/pt\/wp-json\/wp\/v2\/types\/post"}],"author":[{"embeddable":true,"href":"https:\/\/www.europesays.com\/pt\/wp-json\/wp\/v2\/users\/2"}],"replies":[{"embeddable":true,"href":"https:\/\/www.europesays.com\/pt\/wp-json\/wp\/v2\/comments?post=108547"}],"version-history":[{"count":0,"href":"https:\/\/www.europesays.com\/pt\/wp-json\/wp\/v2\/posts\/108547\/revisions"}],"wp:featuredmedia":[{"embeddable":true,"href":"https:\/\/www.europesays.com\/pt\/wp-json\/wp\/v2\/media\/108548"}],"wp:attachment":[{"href":"https:\/\/www.europesays.com\/pt\/wp-json\/wp\/v2\/media?parent=108547"}],"wp:term":[{"taxonomy":"category","embeddable":true,"href":"https:\/\/www.europesays.com\/pt\/wp-json\/wp\/v2\/categories?post=108547"},{"taxonomy":"post_tag","embeddable":true,"href":"https:\/\/www.europesays.com\/pt\/wp-json\/wp\/v2\/tags?post=108547"}],"curies":[{"name":"wp","href":"https:\/\/api.w.org\/{rel}","templated":true}]}}