{"id":108551,"date":"2025-10-13T03:27:21","date_gmt":"2025-10-13T03:27:21","guid":{"rendered":"https:\/\/www.europesays.com\/pt\/108551\/"},"modified":"2025-10-13T03:27:21","modified_gmt":"2025-10-13T03:27:21","slug":"afluencia-as-urnas-rondava-os-2172-pelas-12h00","status":"publish","type":"post","link":"https:\/\/www.europesays.com\/pt\/108551\/","title":{"rendered":"Aflu\u00eancia \u00e0s urnas rondava os 21,72% pelas 12h00"},"content":{"rendered":"<p class=\"category\"><a href=\"https:\/\/sicnoticias.pt\/especiais\/autarquicas\" rel=\"nofollow noopener\" target=\"_blank\">Elei\u00e7\u00f5es Aut\u00e1rquicas<\/a><\/p>\n<p>Mais portugueses j\u00e1 votaram a esta hora face ao registado nas \u00faltimas elei\u00e7\u00f5es aut\u00e1rquicas.<\/p>\n<p><img decoding=\"async\" src=\"https:\/\/www.europesays.com\/pt\/wp-content\/uploads\/2025\/10\/1760326041_900_original.webp\" alt=\"Aflu\u00eancia \u00e0s urnas rondava os 21,72% pelas 12h00\"\/><\/p>\n<p>ANT\u00c3\u0093NIO COTRIM<\/p>\n<p><strong>A aflu\u00eancia \u00e0s urnas nas elei\u00e7\u00f5es aut\u00e1rquicas rondava os 21,72% pelas 12h00, segundo dados da Secretaria-Geral do Minist\u00e9rio da Administra\u00e7\u00e3o Interna (MAI), valor ligeiramente acima do registado na vota\u00e7\u00e3o passada.<\/strong><\/p>\n<p>Nas \u00faltimas aut\u00e1rquicas, em 2021, a participa\u00e7\u00e3o eleitoral provis\u00f3ria situava-se nos 20,94% pelas 12h00.<\/p>\n<p>J\u00e1 em 2017 a participa\u00e7\u00e3o eleitoral rondava os 22,05% \u00e0 mesma hora, em 2013 apenas chegou aos 19,44%, em 2009 chegou aos 21,23% e em 2005 atingiu 21,35%.<\/p>\n<p style=\"text-align: start;\">Mais de 9,3 milh\u00f5es de eleitores podem votar nestas aut\u00e1rquicas, segundo os dados do recenseamento disponibilizados pela Secretaria-Geral do Minist\u00e9rio da Administra\u00e7\u00e3o Interna (MAI).<\/p>\n<p style=\"text-align: start;\">As mesas de voto das elei\u00e7\u00f5es abriram \u00e0s 08h00 no continente e na Madeira para a escolha dos dirigentes dos munic\u00edpios e das freguesias para os pr\u00f3ximos quatro anos.<\/p>\n<p style=\"text-align: start;\">As urnas v\u00e3o estar abertas at\u00e9 \u00e0s 19h00. Nos A\u00e7ores, abrem e fecham 60 minutos depois das mesas do continente e da Madeira, devido \u00e0 diferen\u00e7a hor\u00e1ria de menos uma hora.<\/p>\n<p style=\"text-align: start;\"><strong>Acompanhe<\/strong><strong>\u00a0<\/strong><a href=\"https:\/\/sicnoticias.pt\/especiais\/autarquicas\/2025\/resultados?\" target=\"_blank\" rel=\"noopener noreferrer nofollow\"><strong>aqui<\/strong><\/a><strong>\u00a0<\/strong><strong>os resultados das Elei\u00e7\u00f5es Aut\u00e1rquicas de 2025.<\/strong><\/p>\n","protected":false},"excerpt":{"rendered":"Elei\u00e7\u00f5es Aut\u00e1rquicas Mais portugueses j\u00e1 votaram a esta hora face ao registado nas \u00faltimas elei\u00e7\u00f5es aut\u00e1rquicas. ANT\u00c3\u0093NIO COTRIM&hellip;\n","protected":false},"author":2,"featured_media":108552,"comment_status":"","ping_status":"","sticky":false,"template":"","format":"standard","meta":{"footnotes":""},"categories":[8],"tags":[27,28,15,16,14,25,26,21,22,12,13,19,20,32,23,24,33,17,18,29,30,31],"class_list":{"0":"post-108551","1":"post","2":"type-post","3":"status-publish","4":"format-standard","5":"has-post-thumbnail","7":"category-principais-noticias","8":"tag-breaking-news","9":"tag-breakingnews","10":"tag-featured-news","11":"tag-featurednews","12":"tag-headlines","13":"tag-latest-news","14":"tag-latestnews","15":"tag-main-news","16":"tag-mainnews","17":"tag-news","18":"tag-noticias","19":"tag-noticias-principais","20":"tag-noticiasprincipais","21":"tag-portugal","22":"tag-principais-noticias","23":"tag-principaisnoticias","24":"tag-pt","25":"tag-top-stories","26":"tag-topstories","27":"tag-ultimas","28":"tag-ultimas-noticias","29":"tag-ultimasnoticias"},"share_on_mastodon":{"url":"","error":""},"_links":{"self":[{"href":"https:\/\/www.europesays.com\/pt\/wp-json\/wp\/v2\/posts\/108551","targetHints":{"allow":["GET"]}}],"collection":[{"href":"https:\/\/www.europesays.com\/pt\/wp-json\/wp\/v2\/posts"}],"about":[{"href":"https:\/\/www.europesays.com\/pt\/wp-json\/wp\/v2\/types\/post"}],"author":[{"embeddable":true,"href":"https:\/\/www.europesays.com\/pt\/wp-json\/wp\/v2\/users\/2"}],"replies":[{"embeddable":true,"href":"https:\/\/www.europesays.com\/pt\/wp-json\/wp\/v2\/comments?post=108551"}],"version-history":[{"count":0,"href":"https:\/\/www.europesays.com\/pt\/wp-json\/wp\/v2\/posts\/108551\/revisions"}],"wp:featuredmedia":[{"embeddable":true,"href":"https:\/\/www.europesays.com\/pt\/wp-json\/wp\/v2\/media\/108552"}],"wp:attachment":[{"href":"https:\/\/www.europesays.com\/pt\/wp-json\/wp\/v2\/media?parent=108551"}],"wp:term":[{"taxonomy":"category","embeddable":true,"href":"https:\/\/www.europesays.com\/pt\/wp-json\/wp\/v2\/categories?post=108551"},{"taxonomy":"post_tag","embeddable":true,"href":"https:\/\/www.europesays.com\/pt\/wp-json\/wp\/v2\/tags?post=108551"}],"curies":[{"name":"wp","href":"https:\/\/api.w.org\/{rel}","templated":true}]}}