{"id":108573,"date":"2025-10-13T03:54:24","date_gmt":"2025-10-13T03:54:24","guid":{"rendered":"https:\/\/www.europesays.com\/pt\/108573\/"},"modified":"2025-10-13T03:54:24","modified_gmt":"2025-10-13T03:54:24","slug":"projecao-da-empate-tecnico-em-sintra-entre-ps-e-psd-rita-matias-fica-distante-da-vitoria","status":"publish","type":"post","link":"https:\/\/www.europesays.com\/pt\/108573\/","title":{"rendered":"Proje\u00e7\u00e3o d\u00e1 empate t\u00e9cnico em Sintra entre PS e PSD, Rita Matias fica distante da vit\u00f3ria"},"content":{"rendered":"<p>\t                Vota\u00e7\u00e3o do bra\u00e7o-direito de Andr\u00e9 Ventura pode ser, para j\u00e1, uma das grandes derrotas deste domingo aut\u00e1rquico<\/p>\n<p>A proje\u00e7\u00e3o da Pitag\u00f3rica (em parceria com ICS, Iscte e GfK) para a TVI e a CNN Portugal indica empate t\u00e9cnico em Sintra entre Marco Almeida (PPD\/PSD, IL e PAN), com 32,1 a 37,3%, e Ana Mendes Godinho (PS e Livre), com 30,5 a 35,4%, ficando Rita Matias (Chega) distante da vit\u00f3ria, com uma vota\u00e7\u00e3o entre 19,4 e 23,6%.<\/p>\n<p>Completam a corrida T\u00e2nia Russo (Bloco de Esquerda), Maur\u00edcio Rodrigues (CDS-PP\/PPM\/ADN), Pedro Ventura (PCP-PEV) e J\u00falio Ferreira (Nova Direita).<\/p>\n<p>Ana Mendes Godinho foi secret\u00e1ria de Estado do Turismo (2015-2019) e ministra do Trabalho, Solidariedade e Seguran\u00e7a Social (2019-2024) nos governos de Ant\u00f3nio Costa, sendo deputada desde 2024. Marco Almeida foi vice-presidente da c\u00e2mara, \u00e9 candidato desde 2013 (ora independente, ora apoiado por coliga\u00e7\u00f5es lideradas pelo PSD) e vereador na oposi\u00e7\u00e3o.<\/p>\n","protected":false},"excerpt":{"rendered":"Vota\u00e7\u00e3o do bra\u00e7o-direito de Andr\u00e9 Ventura pode ser, para j\u00e1, uma das grandes derrotas deste domingo aut\u00e1rquico A&hellip;\n","protected":false},"author":2,"featured_media":108574,"comment_status":"","ping_status":"","sticky":false,"template":"","format":"standard","meta":{"footnotes":""},"categories":[10],"tags":[609,19869,611,25908,454,27,28,25912,25909,1736,607,608,832,610,2258,10018,15,16,301,14,4578,25,26,570,453,21,22,25911,833,19870,12,13,19,20,452,4532,4499,3596,52,32,23,24,455,4579,33,25910,25862,19868,1913,4862,25863,17,18,29,30,31,7783],"class_list":{"0":"post-108573","1":"post","2":"type-post","3":"status-publish","4":"format-standard","5":"has-post-thumbnail","7":"category-portugal","8":"tag-alerta","9":"tag-ana-mendes-godinho","10":"tag-ao-minuto","11":"tag-autarquicas-em-portugal","12":"tag-bloco-de-esquerda","13":"tag-breaking-news","14":"tag-breakingnews","15":"tag-camaras-municipais","16":"tag-candidatos-as-autarquicas","17":"tag-chega","18":"tag-cnn","19":"tag-cnn-portugal","20":"tag-costa","21":"tag-direto","22":"tag-eleicoes","23":"tag-eleicoes-autarquicas-2025","24":"tag-featured-news","25":"tag-featurednews","26":"tag-governo","27":"tag-headlines","28":"tag-iniciativa-liberal","29":"tag-latest-news","30":"tag-latestnews","31":"tag-live","32":"tag-livre","33":"tag-main-news","34":"tag-mainnews","35":"tag-mapa-autarquico-2025","36":"tag-marcelo","37":"tag-marco-almeida","38":"tag-news","39":"tag-noticias","40":"tag-noticias-principais","41":"tag-noticiasprincipais","42":"tag-pan","43":"tag-parlamento","44":"tag-partidos","45":"tag-pcp","46":"tag-politica","47":"tag-portugal","48":"tag-principais-noticias","49":"tag-principaisnoticias","50":"tag-ps","51":"tag-psd","52":"tag-pt","53":"tag-quem-ganha-as-autarquicas","54":"tag-resultados-das-autarquicas","55":"tag-rita-matias","56":"tag-sintra","57":"tag-sondagem","58":"tag-sondagens-autarquicas","59":"tag-top-stories","60":"tag-topstories","61":"tag-ultimas","62":"tag-ultimas-noticias","63":"tag-ultimasnoticias","64":"tag-ventura"},"share_on_mastodon":{"url":"","error":""},"_links":{"self":[{"href":"https:\/\/www.europesays.com\/pt\/wp-json\/wp\/v2\/posts\/108573","targetHints":{"allow":["GET"]}}],"collection":[{"href":"https:\/\/www.europesays.com\/pt\/wp-json\/wp\/v2\/posts"}],"about":[{"href":"https:\/\/www.europesays.com\/pt\/wp-json\/wp\/v2\/types\/post"}],"author":[{"embeddable":true,"href":"https:\/\/www.europesays.com\/pt\/wp-json\/wp\/v2\/users\/2"}],"replies":[{"embeddable":true,"href":"https:\/\/www.europesays.com\/pt\/wp-json\/wp\/v2\/comments?post=108573"}],"version-history":[{"count":0,"href":"https:\/\/www.europesays.com\/pt\/wp-json\/wp\/v2\/posts\/108573\/revisions"}],"wp:featuredmedia":[{"embeddable":true,"href":"https:\/\/www.europesays.com\/pt\/wp-json\/wp\/v2\/media\/108574"}],"wp:attachment":[{"href":"https:\/\/www.europesays.com\/pt\/wp-json\/wp\/v2\/media?parent=108573"}],"wp:term":[{"taxonomy":"category","embeddable":true,"href":"https:\/\/www.europesays.com\/pt\/wp-json\/wp\/v2\/categories?post=108573"},{"taxonomy":"post_tag","embeddable":true,"href":"https:\/\/www.europesays.com\/pt\/wp-json\/wp\/v2\/tags?post=108573"}],"curies":[{"name":"wp","href":"https:\/\/api.w.org\/{rel}","templated":true}]}}