{"id":108611,"date":"2025-10-13T05:16:22","date_gmt":"2025-10-13T05:16:22","guid":{"rendered":"https:\/\/www.europesays.com\/pt\/108611\/"},"modified":"2025-10-13T05:16:22","modified_gmt":"2025-10-13T05:16:22","slug":"eduardo-madeira-deixa-garantia-sobre-diagnostico-da-filha-so-precisa-de-muita-compreensao-e-amor","status":"publish","type":"post","link":"https:\/\/www.europesays.com\/pt\/108611\/","title":{"rendered":"Eduardo Madeira &#8211; Deixa garantia sobre diagn\u00f3stico da filha: &#8220;S\u00f3 precisa de muita compreens\u00e3o e amor&#8221;"},"content":{"rendered":"<p>Foi no podcast <strong>C\u00f3digo X<\/strong>, da <strong>RFM<\/strong>, que <strong>Joana Madeira<\/strong> <a href=\"https:\/\/www.novagente.pt\/joana-madeira-na-altura-foi-um-choque-atriz-fala-sobre-diagnostico-inesperado-de-filha-carolina\" rel=\"nofollow noopener\" target=\"_blank\">revelou<\/a> que a filha mais nova, <strong>Carolina<\/strong>, foi diagnosticada com transtorno de hipersensibilidade sensorial. &#8220;Aquilo a que eu chamo birra, afinal, n\u00e3o era uma birra. Era uma crise que ela n\u00e3o conseguia regular&#8221;, contou.<\/p>\n<p>Tamb\u00e9m o marido, <strong>Eduardo Madeira<\/strong>, abordou o diagn\u00f3stico numa publica\u00e7\u00e3o nas redes sociais, admitindo tratar-se de &#8220;uma partilha dif\u00edcil&#8221;.<\/p>\n<blockquote>\n<p><strong>Leia ainda: <\/strong>Eduardo Madeira <a href=\"https:\/\/www.novagente.pt\/eduardo-madeira-recusa-jantares-com-manuel-marques-nunca-foi-amigo\" rel=\"nofollow noopener\" target=\"_blank\">recusa jantares com Manuel Marques: &#8220;Nunca foi amigo&#8221;<\/a><\/p>\n<\/blockquote>\n<p>Segundo o comediante, foi o &#8220;instinto maternal&#8221; e o &#8220;amor incondicional&#8221; de Joana que a levaram a perceber que algo n\u00e3o estava bem e a procurar respostas, ajudando, assim, a compreender e a lidar melhor com a condi\u00e7\u00e3o da menina, que &#8220;n\u00e3o aguenta barulho e ambientes confusos&#8221;.<\/p>\n<p>&#8220;<strong>De resto \u00e9 uma crian\u00e7a maravilhosa, brincalhona, ternurenta e inteligente. S\u00f3 precisa de muita compreens\u00e3o e amor. E tem com fartura<\/strong>&#8220;, rematou Eduardo.<\/p>\n<p><strong>Ora veja:<\/strong><\/p>\n<blockquote class=\"instagram-media\" data-instgrm-captioned=\"\" data-instgrm-permalink=\"https:\/\/www.instagram.com\/reel\/DPmnwj0DMq1\/?utm_source=ig_embed&amp;utm_campaign=loading\" data-instgrm-version=\"14\" style=\" background:#FFF; border:0; border-radius:3px; box-shadow:0 0 1px 0 rgba(0,0,0,0.5),0 1px 10px 0 rgba(0,0,0,0.15); margin: 1px; max-width:540px; min-width:326px; padding:0; width:99.375%; width:-webkit-calc(100% - 2px); width:calc(100% - 2px);\"><\/blockquote>\n<p>\u00a0<\/p>\n<p>Eduardo Madeira no Rock In Rio<\/p>\n<p>Texto: Beatriz Soares; Fotos: Arquivo Impala e Redes Sociais.\u00a0<\/p>\n<p class=\"intagram-text\">Siga a Nova Gente no Instagram<\/p>\n<p>                        <a href=\"https:\/\/www.instagram.com\/revistanovagente\/\" target=\"_blank\" aria-label=\"instagram\" rel=\"noopener nofollow\"><img decoding=\"async\" style=\"display: block; margin-left: auto; margin-right: auto; width: 250px; height: 83px;\" src=\"https:\/\/www.europesays.com\/pt\/wp-content\/uploads\/2025\/09\/Instagram_NG.png\" alt=\"instagram\"\/><\/a><br \/>\n                    <script async src=\"\/\/www.instagram.com\/embed.js\"><\/script><\/p>\n","protected":false},"excerpt":{"rendered":"Foi no podcast C\u00f3digo X, da RFM, que Joana Madeira revelou que a filha mais nova, Carolina, foi&hellip;\n","protected":false},"author":2,"featured_media":108612,"comment_status":"","ping_status":"","sticky":false,"template":"","format":"standard","meta":{"footnotes":""},"categories":[85],"tags":[3211,114,115,3865,25400,32,33],"class_list":{"0":"post-108611","1":"post","2":"type-post","3":"status-publish","4":"format-standard","5":"has-post-thumbnail","7":"category-entretenimento","8":"tag-eduardo-madeira","9":"tag-entertainment","10":"tag-entretenimento","11":"tag-filhas","12":"tag-joana-madeira","13":"tag-portugal","14":"tag-pt"},"share_on_mastodon":{"url":"","error":""},"_links":{"self":[{"href":"https:\/\/www.europesays.com\/pt\/wp-json\/wp\/v2\/posts\/108611","targetHints":{"allow":["GET"]}}],"collection":[{"href":"https:\/\/www.europesays.com\/pt\/wp-json\/wp\/v2\/posts"}],"about":[{"href":"https:\/\/www.europesays.com\/pt\/wp-json\/wp\/v2\/types\/post"}],"author":[{"embeddable":true,"href":"https:\/\/www.europesays.com\/pt\/wp-json\/wp\/v2\/users\/2"}],"replies":[{"embeddable":true,"href":"https:\/\/www.europesays.com\/pt\/wp-json\/wp\/v2\/comments?post=108611"}],"version-history":[{"count":0,"href":"https:\/\/www.europesays.com\/pt\/wp-json\/wp\/v2\/posts\/108611\/revisions"}],"wp:featuredmedia":[{"embeddable":true,"href":"https:\/\/www.europesays.com\/pt\/wp-json\/wp\/v2\/media\/108612"}],"wp:attachment":[{"href":"https:\/\/www.europesays.com\/pt\/wp-json\/wp\/v2\/media?parent=108611"}],"wp:term":[{"taxonomy":"category","embeddable":true,"href":"https:\/\/www.europesays.com\/pt\/wp-json\/wp\/v2\/categories?post=108611"},{"taxonomy":"post_tag","embeddable":true,"href":"https:\/\/www.europesays.com\/pt\/wp-json\/wp\/v2\/tags?post=108611"}],"curies":[{"name":"wp","href":"https:\/\/api.w.org\/{rel}","templated":true}]}}