{"id":108615,"date":"2025-10-13T05:34:07","date_gmt":"2025-10-13T05:34:07","guid":{"rendered":"https:\/\/www.europesays.com\/pt\/108615\/"},"modified":"2025-10-13T05:34:07","modified_gmt":"2025-10-13T05:34:07","slug":"ganhou-a-democracia-com-os-que-venceram-e-com-os-que-nao-conseguiram","status":"publish","type":"post","link":"https:\/\/www.europesays.com\/pt\/108615\/","title":{"rendered":"Ganhou a democracia com os que venceram e com os que n\u00e3o conseguiram"},"content":{"rendered":"<p>        Pedro Duarte \u00e9 o novo presidente da C\u00e2mara Municipal do Porto sucedendo a Rui Moreira. No seu discurso come\u00e7ou por saudar \u201caqueles que n\u00e3o conseguiram atingir os seus objetivos nesta elei\u00e7\u00e3o.    <\/p>\n<p>The candidate of the coalition PSD\/IL\/CDS-PP for Porto City Council, Pedro Duarte, delivers his wining speech on the election night of the local elections 2025 at PS campaign headquarters in Faro, Portugal, 13 October 2025. More than 9.3 million electors can vote in the local elections in Portugal on 12 October 2025. FERNANDO VELUDO\/LUSA<\/p>\n<p>Pedro Duarte \u00e9 o novo presidente da C\u00e2mara Municipal do Porto sucedendo a Rui Moreira. No seu discurso come\u00e7ou por saudar \u201caqueles que n\u00e3o conseguiram atingir os seus objetivos nesta elei\u00e7\u00e3o. Aos 11 candidatos que n\u00e3o ficaram em primeiro, mas eles s\u00e3o tamb\u00e9m vencedores esta noite. Porque ganhou a democracia e a democracia ganha-se com os que ganham as elei\u00e7\u00f5es e com os que n\u00e3o conseguem ficar em primeiro lugar\u201d.<\/p>\n<p>Pedro Duarte fez uma \u201csauda\u00e7\u00e3o especial\u201d ao seu advers\u00e1rio nestas elei\u00e7\u00f5es, Manuel Pizarro, candidato pelo PS, porque o social-democrata diz ter \u201cestima pessoal\u201d.<\/p>\n<p>O cabe\u00e7a de lista do PS \u00e0 C\u00e2mara do Porto, Manuel Pizarro, assumiu hoje \u201cinteiramente\u201d a derrota nas elei\u00e7\u00f5es aut\u00e1rquicas de domingo, rejeitando imput\u00e1-las ao atual e anterior secret\u00e1rio-geral do PS.<\/p>\n<p>Pedro Duarte disse ainda que \u201co Porto n\u00e3o elegeu apenas um novo presidente da C\u00e2mara, elegeu um novo l\u00edder para o norte de Portugal\u201d.<\/p>\n<p>\u201cUma voz contra o centralismo exacerbado do nosso pa\u00eds\u201d, acrescentou.<\/p>\n<p>\u201cPrecisamos de um novo equil\u00edbrio\u201d, disse Pedro Duarte.<\/p>\n","protected":false},"excerpt":{"rendered":"Pedro Duarte \u00e9 o novo presidente da C\u00e2mara Municipal do Porto sucedendo a Rui Moreira. No seu discurso&hellip;\n","protected":false},"author":2,"featured_media":108616,"comment_status":"","ping_status":"","sticky":false,"template":"","format":"standard","meta":{"footnotes":""},"categories":[10],"tags":[27,28,25251,15,16,14,25,26,21,22,12,13,19,20,32,23,24,4579,33,17,18,29,30,31],"class_list":{"0":"post-108615","1":"post","2":"type-post","3":"status-publish","4":"format-standard","5":"has-post-thumbnail","7":"category-portugal","8":"tag-breaking-news","9":"tag-breakingnews","10":"tag-camara-do-porto","11":"tag-featured-news","12":"tag-featurednews","13":"tag-headlines","14":"tag-latest-news","15":"tag-latestnews","16":"tag-main-news","17":"tag-mainnews","18":"tag-news","19":"tag-noticias","20":"tag-noticias-principais","21":"tag-noticiasprincipais","22":"tag-portugal","23":"tag-principais-noticias","24":"tag-principaisnoticias","25":"tag-psd","26":"tag-pt","27":"tag-top-stories","28":"tag-topstories","29":"tag-ultimas","30":"tag-ultimas-noticias","31":"tag-ultimasnoticias"},"share_on_mastodon":{"url":"","error":""},"_links":{"self":[{"href":"https:\/\/www.europesays.com\/pt\/wp-json\/wp\/v2\/posts\/108615","targetHints":{"allow":["GET"]}}],"collection":[{"href":"https:\/\/www.europesays.com\/pt\/wp-json\/wp\/v2\/posts"}],"about":[{"href":"https:\/\/www.europesays.com\/pt\/wp-json\/wp\/v2\/types\/post"}],"author":[{"embeddable":true,"href":"https:\/\/www.europesays.com\/pt\/wp-json\/wp\/v2\/users\/2"}],"replies":[{"embeddable":true,"href":"https:\/\/www.europesays.com\/pt\/wp-json\/wp\/v2\/comments?post=108615"}],"version-history":[{"count":0,"href":"https:\/\/www.europesays.com\/pt\/wp-json\/wp\/v2\/posts\/108615\/revisions"}],"wp:featuredmedia":[{"embeddable":true,"href":"https:\/\/www.europesays.com\/pt\/wp-json\/wp\/v2\/media\/108616"}],"wp:attachment":[{"href":"https:\/\/www.europesays.com\/pt\/wp-json\/wp\/v2\/media?parent=108615"}],"wp:term":[{"taxonomy":"category","embeddable":true,"href":"https:\/\/www.europesays.com\/pt\/wp-json\/wp\/v2\/categories?post=108615"},{"taxonomy":"post_tag","embeddable":true,"href":"https:\/\/www.europesays.com\/pt\/wp-json\/wp\/v2\/tags?post=108615"}],"curies":[{"name":"wp","href":"https:\/\/api.w.org\/{rel}","templated":true}]}}