{"id":108623,"date":"2025-10-13T05:48:14","date_gmt":"2025-10-13T05:48:14","guid":{"rendered":"https:\/\/www.europesays.com\/pt\/108623\/"},"modified":"2025-10-13T05:48:14","modified_gmt":"2025-10-13T05:48:14","slug":"capitais-de-distrito-dao-a-carneiro-pretexto-para-dizer-que-o-ps-esta-de-volta","status":"publish","type":"post","link":"https:\/\/www.europesays.com\/pt\/108623\/","title":{"rendered":"Capitais de distrito d\u00e3o a Carneiro pretexto para dizer que &#8220;o PS est\u00e1 de volta\u201d"},"content":{"rendered":"<p>Pela meia-noite, Jos\u00e9 Lu\u00eds Carneiro concedia vit\u00f3ria ao PSD, dizendo que os sociais-democratas dever\u00e3o terminar as elei\u00e7\u00f5es aut\u00e1rquicas com 134 c\u00e2maras, contra 130 para o PS &#8211; mas acrescentando que o facto de os socialistas terem conquistado v\u00e1rias capitais de distrito revelava que o partido<strong> &#8220;est\u00e1 de volta&#8221;<\/strong>, voltando a ser &#8220;o grande partido alternativo \u00e0 AD&#8221;.<\/p>\n<p><a href=\"https:\/\/expresso.pt\/subscrever?action=GEN&amp;channel=VID&amp;type=CAP&amp;source=WEB&amp;returnUrl=https:\/\/expresso.pt\/politica\/eleicoes\/autarquicas-2025\/2025-10-13-capitais-de-distrito-dao-a-carneiro-pretexto-para-dizer-que-o-ps-esta-de-volta-cece7b81&amp;utm_source=expresso&amp;utm_medium=locked_article&amp;locked=true&amp;article_id=c80161e8-a779-461a-be0c-5618ae8f0ea9&amp;author_id=Jo\u00e3o+Pedro+Henriques&amp;category=Aut\u00e1rquicas+2025\" target=\"_self\" class=\"\" rel=\"nofollow noopener\">Subscrever<\/a>J\u00e1 \u00e9 Subscritor?Fa\u00e7a login e continue a ler<a href=\"http:\/\/expresso.pt\/codigo?redirectUrl=https:\/\/expresso.pt\/politica\/eleicoes\/autarquicas-2025\/2025-10-13-capitais-de-distrito-dao-a-carneiro-pretexto-para-dizer-que-o-ps-esta-de-volta-cece7b81\" target=\"_self\" class=\"\" rel=\"nofollow noopener\">Inserir C\u00f3digo<\/a>Comprou o Expresso?Insira o c\u00f3digo presente na Revista E para continuar a ler<\/p>\n","protected":false},"excerpt":{"rendered":"Pela meia-noite, Jos\u00e9 Lu\u00eds Carneiro concedia vit\u00f3ria ao PSD, dizendo que os sociais-democratas dever\u00e3o terminar as elei\u00e7\u00f5es aut\u00e1rquicas&hellip;\n","protected":false},"author":2,"featured_media":108624,"comment_status":"","ping_status":"","sticky":false,"template":"","format":"standard","meta":{"footnotes":""},"categories":[10],"tags":[27,28,15,16,14,25,26,21,22,12,13,19,20,32,23,24,33,17,18,29,30,31],"class_list":{"0":"post-108623","1":"post","2":"type-post","3":"status-publish","4":"format-standard","5":"has-post-thumbnail","7":"category-portugal","8":"tag-breaking-news","9":"tag-breakingnews","10":"tag-featured-news","11":"tag-featurednews","12":"tag-headlines","13":"tag-latest-news","14":"tag-latestnews","15":"tag-main-news","16":"tag-mainnews","17":"tag-news","18":"tag-noticias","19":"tag-noticias-principais","20":"tag-noticiasprincipais","21":"tag-portugal","22":"tag-principais-noticias","23":"tag-principaisnoticias","24":"tag-pt","25":"tag-top-stories","26":"tag-topstories","27":"tag-ultimas","28":"tag-ultimas-noticias","29":"tag-ultimasnoticias"},"share_on_mastodon":{"url":"","error":""},"_links":{"self":[{"href":"https:\/\/www.europesays.com\/pt\/wp-json\/wp\/v2\/posts\/108623","targetHints":{"allow":["GET"]}}],"collection":[{"href":"https:\/\/www.europesays.com\/pt\/wp-json\/wp\/v2\/posts"}],"about":[{"href":"https:\/\/www.europesays.com\/pt\/wp-json\/wp\/v2\/types\/post"}],"author":[{"embeddable":true,"href":"https:\/\/www.europesays.com\/pt\/wp-json\/wp\/v2\/users\/2"}],"replies":[{"embeddable":true,"href":"https:\/\/www.europesays.com\/pt\/wp-json\/wp\/v2\/comments?post=108623"}],"version-history":[{"count":0,"href":"https:\/\/www.europesays.com\/pt\/wp-json\/wp\/v2\/posts\/108623\/revisions"}],"wp:featuredmedia":[{"embeddable":true,"href":"https:\/\/www.europesays.com\/pt\/wp-json\/wp\/v2\/media\/108624"}],"wp:attachment":[{"href":"https:\/\/www.europesays.com\/pt\/wp-json\/wp\/v2\/media?parent=108623"}],"wp:term":[{"taxonomy":"category","embeddable":true,"href":"https:\/\/www.europesays.com\/pt\/wp-json\/wp\/v2\/categories?post=108623"},{"taxonomy":"post_tag","embeddable":true,"href":"https:\/\/www.europesays.com\/pt\/wp-json\/wp\/v2\/tags?post=108623"}],"curies":[{"name":"wp","href":"https:\/\/api.w.org\/{rel}","templated":true}]}}