{"id":108645,"date":"2025-10-13T06:38:12","date_gmt":"2025-10-13T06:38:12","guid":{"rendered":"https:\/\/www.europesays.com\/pt\/108645\/"},"modified":"2025-10-13T06:38:12","modified_gmt":"2025-10-13T06:38:12","slug":"video-golaco-para-empatar-mas-o-arbitro-ja-tinha-apitado-e-ate-mostrou-vermelho","status":"publish","type":"post","link":"https:\/\/www.europesays.com\/pt\/108645\/","title":{"rendered":"V\u00cdDEO: gola\u00e7o para empatar&#8230; mas o \u00e1rbitro j\u00e1 tinha apitado e at\u00e9 mostrou vermelho"},"content":{"rendered":"<p>A pol\u00e9mica foi instalada na II Liga espanhola. Num encontro entre Sporting Gij\u00f3n e Racing Santander, o golo (e que gola\u00e7o!) do empate foi marcado no \u00faltimo lance do jogo\u2026 mas o \u00e1rbitro j\u00e1 tinha apitado para o final do encontro.\u00a0<\/p>\n<p>Livre perigoso (90+10m) para o Racing Santander, que contou at\u00e9 com o guarda-redes na \u00e1rea advers\u00e1ria. A defesa corta e na sequ\u00eancia Mario Garc\u00eda saca da cartola um golo digno de puskas&#8230; se tivesse contado.<\/p>\n<p>O \u00e1rbitro j\u00e1 tinha apitado e foi perent\u00f3rio na decis\u00e3o, motivando rea\u00e7\u00f5es dos jogadores do Racing Santander. Marco Sangalli viu, inclusive, o vermelho direto nos protestos.\u00a0<\/p>\n<p>Com esta decis\u00e3o ins\u00f3lita, o Sporting Gij\u00f3n saiu vitorioso por 2-1. Um duro golpe para o Racing Santander, que se encontrava empatado na lideran\u00e7a da II Liga espanhola com o Deportivo, que ainda n\u00e3o jogou nesta jornada.<\/p>\n<p><strong>Ora veja o video:\u00a0<\/strong><\/p>\n<p>\u00a0<\/p>\n","protected":false},"excerpt":{"rendered":"A pol\u00e9mica foi instalada na II Liga espanhola. Num encontro entre Sporting Gij\u00f3n e Racing Santander, o golo&hellip;\n","protected":false},"author":2,"featured_media":108646,"comment_status":"","ping_status":"","sticky":false,"template":"","format":"standard","meta":{"footnotes":""},"categories":[87],"tags":[135,640,25919,4238,4235,82,46,25918,32,33,47,25917,8435,134,578],"class_list":{"0":"post-108645","1":"post","2":"type-post","3":"status-publish","4":"format-standard","5":"has-post-thumbnail","7":"category-desporto","8":"tag-desporto","9":"tag-espanha","10":"tag-ii-liga-espanhola","11":"tag-incrivel","12":"tag-insolito","13":"tag-internacional","14":"tag-maisfutebol","15":"tag-polemico","16":"tag-portugal","17":"tag-pt","18":"tag-pura-paixao","19":"tag-racing-santander","20":"tag-sporting-gijon","21":"tag-sports","22":"tag-video"},"share_on_mastodon":{"url":"","error":""},"_links":{"self":[{"href":"https:\/\/www.europesays.com\/pt\/wp-json\/wp\/v2\/posts\/108645","targetHints":{"allow":["GET"]}}],"collection":[{"href":"https:\/\/www.europesays.com\/pt\/wp-json\/wp\/v2\/posts"}],"about":[{"href":"https:\/\/www.europesays.com\/pt\/wp-json\/wp\/v2\/types\/post"}],"author":[{"embeddable":true,"href":"https:\/\/www.europesays.com\/pt\/wp-json\/wp\/v2\/users\/2"}],"replies":[{"embeddable":true,"href":"https:\/\/www.europesays.com\/pt\/wp-json\/wp\/v2\/comments?post=108645"}],"version-history":[{"count":0,"href":"https:\/\/www.europesays.com\/pt\/wp-json\/wp\/v2\/posts\/108645\/revisions"}],"wp:featuredmedia":[{"embeddable":true,"href":"https:\/\/www.europesays.com\/pt\/wp-json\/wp\/v2\/media\/108646"}],"wp:attachment":[{"href":"https:\/\/www.europesays.com\/pt\/wp-json\/wp\/v2\/media?parent=108645"}],"wp:term":[{"taxonomy":"category","embeddable":true,"href":"https:\/\/www.europesays.com\/pt\/wp-json\/wp\/v2\/categories?post=108645"},{"taxonomy":"post_tag","embeddable":true,"href":"https:\/\/www.europesays.com\/pt\/wp-json\/wp\/v2\/tags?post=108645"}],"curies":[{"name":"wp","href":"https:\/\/api.w.org\/{rel}","templated":true}]}}