{"id":108660,"date":"2025-10-13T07:06:17","date_gmt":"2025-10-13T07:06:17","guid":{"rendered":"https:\/\/www.europesays.com\/pt\/108660\/"},"modified":"2025-10-13T07:06:17","modified_gmt":"2025-10-13T07:06:17","slug":"o-importante-e-pensar-no-jogo-com-a-hungria","status":"publish","type":"post","link":"https:\/\/www.europesays.com\/pt\/108660\/","title":{"rendered":"\u00abO importante \u00e9 pensar no jogo com a\u00a0Hungria\u00bb"},"content":{"rendered":"<p>&#8211; Advertisement &#8211;<\/p>\n<p><strong>N\u00e9lson Semedo foi um dos jogadores portugueses que analisou a vit\u00f3ria portuguesa diante da Irlanda. Triunfo por 1-0. <\/strong><\/p>\n<p><a href=\"https:\/\/bolanarede.pt\/internacional\/selecao-nacional\/agua-mole-em-pedra-dura-portugal-1-0-irlanda\/\" target=\"_blank\" rel=\"noreferrer noopener nofollow\">Portugal venceu a Irlanda por 1-0<\/a>, com o golo do triunfo a ser anotado para l\u00e1 dos 90 minutos. N\u00e9lson Semedo analisou a partida e destacou a qualidade do advers\u00e1rio. <\/p>\n<p>\u00abA\u00a0Irlanda\u00a0\u00e9 uma equipa muito boa, com v\u00e1rios jogadores a jogarem na\u00a0Premier League. Penso que, no geral, conseguimos estar bem. A malta que entrou  entrou bem. E \u00e9 para isso que trabalhamos. Sejam 90, 10 ou cinco minutos. A malta que entrou fez a diferen\u00e7a, mas os que iniciaram andaram ali a partir muita pedra. Todos est\u00e3o de parab\u00e9ns\u00bb, destacou N\u00e9lson Semedo que foi questionado quanto \u00e0 chegada de Jos\u00e9 Mourinho \u2013 treinador que motivou a sua ida para o Fenerbah\u00e7e \u2013 ao Benfica. <\/p>\n<p>\u00abEstou na sele\u00e7\u00e3o e isso \u00e9 um assunto que n\u00e3o ir\u00e1 trazer nenhum benef\u00edcio agora. N\u00e3o vale a pena tocar nesse assunto. O importante \u00e9 pensarmos no pr\u00f3ximo jogo com a\u00a0Hungria\u00bb, concluiu o lateral.<\/p>\n<p>Conhece as <a href=\"https:\/\/bolanarede.pt\/especial-bola-na-rede\/atualidade\/eis-as-contas-de-portugal-para-garantir-o-apuramento-para-o-mundial-2026-diante-da-hungria-ja-esta-terca-feira\/\" target=\"_blank\" rel=\"noreferrer noopener nofollow\">contas portuguesas para fechar o apuramento<\/a> j\u00e1 diante da Hungria, na ter\u00e7a-feira, 14 de outubro. <\/p>\n","protected":false},"excerpt":{"rendered":"&#8211; Advertisement &#8211; N\u00e9lson Semedo foi um dos jogadores portugueses que analisou a vit\u00f3ria portuguesa diante da Irlanda.&hellip;\n","protected":false},"author":2,"featured_media":108661,"comment_status":"","ping_status":"","sticky":false,"template":"","format":"standard","meta":{"footnotes":""},"categories":[87],"tags":[260,135,1991,9852,12632,4158,32,33,134],"class_list":{"0":"post-108660","1":"post","2":"type-post","3":"status-publish","4":"format-standard","5":"has-post-thumbnail","7":"category-desporto","8":"tag-atualidade","9":"tag-desporto","10":"tag-hungria","11":"tag-irlanda","12":"tag-mundial-2026","13":"tag-nelson-semedo","14":"tag-portugal","15":"tag-pt","16":"tag-sports"},"share_on_mastodon":{"url":"","error":""},"_links":{"self":[{"href":"https:\/\/www.europesays.com\/pt\/wp-json\/wp\/v2\/posts\/108660","targetHints":{"allow":["GET"]}}],"collection":[{"href":"https:\/\/www.europesays.com\/pt\/wp-json\/wp\/v2\/posts"}],"about":[{"href":"https:\/\/www.europesays.com\/pt\/wp-json\/wp\/v2\/types\/post"}],"author":[{"embeddable":true,"href":"https:\/\/www.europesays.com\/pt\/wp-json\/wp\/v2\/users\/2"}],"replies":[{"embeddable":true,"href":"https:\/\/www.europesays.com\/pt\/wp-json\/wp\/v2\/comments?post=108660"}],"version-history":[{"count":0,"href":"https:\/\/www.europesays.com\/pt\/wp-json\/wp\/v2\/posts\/108660\/revisions"}],"wp:featuredmedia":[{"embeddable":true,"href":"https:\/\/www.europesays.com\/pt\/wp-json\/wp\/v2\/media\/108661"}],"wp:attachment":[{"href":"https:\/\/www.europesays.com\/pt\/wp-json\/wp\/v2\/media?parent=108660"}],"wp:term":[{"taxonomy":"category","embeddable":true,"href":"https:\/\/www.europesays.com\/pt\/wp-json\/wp\/v2\/categories?post=108660"},{"taxonomy":"post_tag","embeddable":true,"href":"https:\/\/www.europesays.com\/pt\/wp-json\/wp\/v2\/tags?post=108660"}],"curies":[{"name":"wp","href":"https:\/\/api.w.org\/{rel}","templated":true}]}}