{"id":108662,"date":"2025-10-13T07:07:07","date_gmt":"2025-10-13T07:07:07","guid":{"rendered":"https:\/\/www.europesays.com\/pt\/108662\/"},"modified":"2025-10-13T07:07:07","modified_gmt":"2025-10-13T07:07:07","slug":"a-libido-e-uma-pulsao-de-vida-importa-estar-integrada-na-doenca-nao-e-por-ter-cancro-da-mama-que-deixo-de-ser-mulher-desejavel-e-bonita","status":"publish","type":"post","link":"https:\/\/www.europesays.com\/pt\/108662\/","title":{"rendered":"\u201cA libido \u00e9 uma puls\u00e3o de vida, importa estar integrada na doen\u00e7a. N\u00e3o \u00e9 por ter cancro da mama que deixo de ser mulher, desej\u00e1vel e bonita\u201d"},"content":{"rendered":"<p>Matilde Fieschi<\/p>\n<p>Durante o conturbado processo de tratamentos, onde fica o espa\u00e7o para a autoestima, sexualidade e rela\u00e7\u00f5es?<\/p>\n<p>Qual o peso de um diagn\u00f3stico de cancro de mama na vida sexual? Como lidar com a vergonha, com a autoimagem e a comunica\u00e7\u00e3o dentro do casal? Este epis\u00f3dio conta com o apoio dos Cereais Fitness.<\/p>\n<p>Matilde Fieschi<\/p>\n<p>No m\u00eas que assinala a luta contra o cancro da mama, T\u00e2nia Gra\u00e7a, psic\u00f3loga e sex\u00f3loga, \u00e9 a mais recente convidada de Margarida Santos no podcast Consulta Aberta, para falar sobre estas tem\u00e1ticas consideradas tabu.<\/p>\n<p>Tia C\u00e1tia no podcast Tenho Cancro. E Depois?<\/p>\n<p>Jos\u00e9 Fonseca Fernandes<\/p>\n<p class=\"category\"><a href=\"https:\/\/expresso.pt\/podcasts\/tenho-cancro.-e-depois--\" rel=\"nofollow noopener\" target=\"_blank\">Tenho Cancro. E depois? <\/a><\/p>\n<p class=\"follow-link\"><a href=\"https:\/\/expresso.pt\/podcasts\/tenho-cancro.-e-depois--\/2025-08-21-tia-catia-a-minha-mae-teve-cancro-da-mama-ao-mesmo-tempo-que-eu-tambem-por-isso-nao-deu-para-ir-abaixo-tinha-de-ser-o-apoio-dela-ef982f36\" rel=\"canonical nofollow noopener\" target=\"_blank\">Leia tamb\u00e9m<\/a><\/p>\n","protected":false},"excerpt":{"rendered":"Matilde Fieschi Durante o conturbado processo de tratamentos, onde fica o espa\u00e7o para a autoestima, sexualidade e rela\u00e7\u00f5es?&hellip;\n","protected":false},"author":2,"featured_media":108663,"comment_status":"","ping_status":"","sticky":false,"template":"","format":"standard","meta":{"footnotes":""},"categories":[86],"tags":[116,32,33,117],"class_list":{"0":"post-108662","1":"post","2":"type-post","3":"status-publish","4":"format-standard","5":"has-post-thumbnail","7":"category-saude","8":"tag-health","9":"tag-portugal","10":"tag-pt","11":"tag-saude"},"share_on_mastodon":{"url":"","error":""},"_links":{"self":[{"href":"https:\/\/www.europesays.com\/pt\/wp-json\/wp\/v2\/posts\/108662","targetHints":{"allow":["GET"]}}],"collection":[{"href":"https:\/\/www.europesays.com\/pt\/wp-json\/wp\/v2\/posts"}],"about":[{"href":"https:\/\/www.europesays.com\/pt\/wp-json\/wp\/v2\/types\/post"}],"author":[{"embeddable":true,"href":"https:\/\/www.europesays.com\/pt\/wp-json\/wp\/v2\/users\/2"}],"replies":[{"embeddable":true,"href":"https:\/\/www.europesays.com\/pt\/wp-json\/wp\/v2\/comments?post=108662"}],"version-history":[{"count":0,"href":"https:\/\/www.europesays.com\/pt\/wp-json\/wp\/v2\/posts\/108662\/revisions"}],"wp:featuredmedia":[{"embeddable":true,"href":"https:\/\/www.europesays.com\/pt\/wp-json\/wp\/v2\/media\/108663"}],"wp:attachment":[{"href":"https:\/\/www.europesays.com\/pt\/wp-json\/wp\/v2\/media?parent=108662"}],"wp:term":[{"taxonomy":"category","embeddable":true,"href":"https:\/\/www.europesays.com\/pt\/wp-json\/wp\/v2\/categories?post=108662"},{"taxonomy":"post_tag","embeddable":true,"href":"https:\/\/www.europesays.com\/pt\/wp-json\/wp\/v2\/tags?post=108662"}],"curies":[{"name":"wp","href":"https:\/\/api.w.org\/{rel}","templated":true}]}}