{"id":108664,"date":"2025-10-13T07:14:09","date_gmt":"2025-10-13T07:14:09","guid":{"rendered":"https:\/\/www.europesays.com\/pt\/108664\/"},"modified":"2025-10-13T07:14:09","modified_gmt":"2025-10-13T07:14:09","slug":"to-sempre-me-aposentando-brinca-michael-j-fox-sobre-retorno","status":"publish","type":"post","link":"https:\/\/www.europesays.com\/pt\/108664\/","title":{"rendered":"&#8220;T\u00f4 sempre me aposentando&#8221;, brinca Michael J. Fox sobre retorno"},"content":{"rendered":"<p>O ator <strong>Michael J. Fox<\/strong>, conhecido por imortalizar o personagem Marty McFly da franquia De Volta Para o Futuro, falou nesta semana, na revista <a href=\"https:\/\/people.com\/michael-j-fox-talks-new-book-future-boy-return-to-tv-exclusive-11825341?taid=68e65601763c99000197dd04&amp;utm_campaign=peoplemagazine&amp;utm_content=new&amp;utm_medium=social&amp;utm_source=twitter.com\" rel=\"nofollow noopener\" target=\"_blank\">People<\/a>,\u00a0sobre seu retorno \u00e0 atua\u00e7\u00e3o, divulgado em maio deste ano.\u00a0<\/p>\n<p>Fox havia anunciado sua aposentadoria em 2020 por conta do agravamento de seus problemas de sa\u00fade relacionados a doen\u00e7a de Parkinson. &#8220;Estou sempre me aposentando&#8221;, brincou o ator, que j\u00e1 passou por outra tentativa de aposentadoria em 2000, ap\u00f3s deixar a sitcom Spin City.<\/p>\n<p>O retorno de Fox \u00e0 televis\u00e3o ser\u00e1 na s\u00e9rie Shrinking, da Apple TV+, como convidado. Segundo o ator, ele mesmo ligou para o criador da s\u00e9rie, <strong>Bill Lawrence<\/strong>, para perguntar sobre a possibilidade de aparecer no projeto quando descobriu que o personagem de <strong>Harrison Ford<\/strong> sofre de Parkinson.<\/p>\n<p>&#8220;Eu falei, &#8216;Voc\u00ea fez uma s\u00e9rie sobre Parkinson e n\u00e3o me chamou?&#8217;, ele perguntou se eu gostaria de participar e falei, &#8216;Adoraria'&#8221;, relatou Fox, que conta que Lawrence trabalhou em um conceito em que pudesse encaix\u00e1-lo e o resultado ficou \u00f3timo.\u00a0<\/p>\n<p>Criada por\u00a0<strong>Jason Segel<\/strong><strong>, <\/strong>Lawrence\u00a0(Scrubs,\u00a0Cougar Town\u00a0e\u00a0Ted Lasso)\u00a0e\u00a0<strong>Brett Goldstein\u00a0<\/strong>(Ted Lasso), a s\u00e9rie acompanha um terapeuta que, em luto, abandona seu profissionalismo e come\u00e7a a opinar ativamente nas vidas de seus pacientes.<\/p>\n<p>Al\u00e9m de Harrison Ford e Segel,\u00a0Shrinking\u00a0conta tamb\u00e9m com\u00a0Christa Miller\u00a0(Scrubs),\u00a0Jessica Williams\u00a0(Fora de S\u00e9rie),\u00a0Michael Urie\u00a0(Um Crush para o Natal),\u00a0Luke Tennie\u00a0(Deadly Class) e\u00a0Rosslyn Luke\u00a0(BOYS.).<\/p>\n<p>A s\u00e9rie est\u00e1 dispon\u00edvel no\u00a0<a data-mrf-link=\"https:\/\/apple.co\/3OVhHiR\" href=\"https:\/\/apple.co\/3OVhHiR\" rel=\"nofollow noopener\" target=\"_blank\">Apple TV+<\/a>.\u00a0<\/p>\n<p><script async src=\"https:\/\/platform.twitter.com\/widgets.js\" charset=\"utf-8\"><\/script><\/p>\n","protected":false},"excerpt":{"rendered":"O ator Michael J. Fox, conhecido por imortalizar o personagem Marty McFly da franquia De Volta Para o&hellip;\n","protected":false},"author":2,"featured_media":108665,"comment_status":"","ping_status":"","sticky":false,"template":"","format":"standard","meta":{"footnotes":""},"categories":[145],"tags":[211,210,114,115,32,33],"class_list":{"0":"post-108664","1":"post","2":"type-post","3":"status-publish","4":"format-standard","5":"has-post-thumbnail","7":"category-celebridades","8":"tag-celebridades","9":"tag-celebrities","10":"tag-entertainment","11":"tag-entretenimento","12":"tag-portugal","13":"tag-pt"},"share_on_mastodon":{"url":"","error":""},"_links":{"self":[{"href":"https:\/\/www.europesays.com\/pt\/wp-json\/wp\/v2\/posts\/108664","targetHints":{"allow":["GET"]}}],"collection":[{"href":"https:\/\/www.europesays.com\/pt\/wp-json\/wp\/v2\/posts"}],"about":[{"href":"https:\/\/www.europesays.com\/pt\/wp-json\/wp\/v2\/types\/post"}],"author":[{"embeddable":true,"href":"https:\/\/www.europesays.com\/pt\/wp-json\/wp\/v2\/users\/2"}],"replies":[{"embeddable":true,"href":"https:\/\/www.europesays.com\/pt\/wp-json\/wp\/v2\/comments?post=108664"}],"version-history":[{"count":0,"href":"https:\/\/www.europesays.com\/pt\/wp-json\/wp\/v2\/posts\/108664\/revisions"}],"wp:featuredmedia":[{"embeddable":true,"href":"https:\/\/www.europesays.com\/pt\/wp-json\/wp\/v2\/media\/108665"}],"wp:attachment":[{"href":"https:\/\/www.europesays.com\/pt\/wp-json\/wp\/v2\/media?parent=108664"}],"wp:term":[{"taxonomy":"category","embeddable":true,"href":"https:\/\/www.europesays.com\/pt\/wp-json\/wp\/v2\/categories?post=108664"},{"taxonomy":"post_tag","embeddable":true,"href":"https:\/\/www.europesays.com\/pt\/wp-json\/wp\/v2\/tags?post=108664"}],"curies":[{"name":"wp","href":"https:\/\/api.w.org\/{rel}","templated":true}]}}