{"id":108717,"date":"2025-10-13T08:22:10","date_gmt":"2025-10-13T08:22:10","guid":{"rendered":"https:\/\/www.europesays.com\/pt\/108717\/"},"modified":"2025-10-13T08:22:10","modified_gmt":"2025-10-13T08:22:10","slug":"presidente-eleito-por-movimento-em-vila-nova-de-poiares-pos-se-a-caminho-de-fatima","status":"publish","type":"post","link":"https:\/\/www.europesays.com\/pt\/108717\/","title":{"rendered":"Presidente eleito por movimento em Vila Nova de Poiares p\u00f4s-se a caminho de F\u00e1tima"},"content":{"rendered":"<p>O presidente eleito da C\u00e2mara de Vila Nova de Poiares, que conquistou o munic\u00edpio ao PS pelo movimento Poiares a S\u00e9rio (PSR), celebrou a vit\u00f3ria com uma peregrina\u00e7\u00e3o a F\u00e1tima, onde espera chegar antes das 12:00 de segunda-feira.<\/p>\n<p>&#8220;Estou a caminho de F\u00e1tima&#8221;, disse Nuno Neves \u00e0 ag\u00eancia Lusa.<\/p>\n<p>O presidente eleito liderava a freguesia mais populosa daquele concelho do distrito de Coimbra, a Junta de Freguesia de Poiares (Santo Andr\u00e9), eleito em 2021 pelo PS. Contudo, decidiu criar um movimento independente e candidatar-se \u00e0 C\u00e2mara Municipal, liderada pelos socialistas desde 2013.<\/p>\n<p>\u00c0 Lusa, Nuno Neves disse que, depois de uma breve celebra\u00e7\u00e3o com a equipa, decidiu ausentar-se, cal\u00e7ar umas sapatilhas, vestir uns cal\u00e7\u00f5es e seguir a p\u00e9 at\u00e9 F\u00e1tima.<\/p>\n<p>&#8220;J\u00e1 fiz dez quil\u00f3metros desde que sa\u00ed de casa. Foi uma promessa que tinha feito para mim mesmo, ainda para mais amanh\u00e3 [segunda-feira] \u00e9 o 13 de outubro e \u00e9 um dia especial&#8221;, contou.<\/p>\n<p>Nuno Neves disse que est\u00e1 a fazer o percurso sozinho e que espera chegar antes do meio-dia a F\u00e1tima.<\/p>\n<p>&#8220;N\u00e3o sou praticante, mas sou cat\u00f3lico. Foi ao que me agarrei. Era uma promessa e sou um homem de palavra&#8221;, disse.<\/p>\n<p>O presidente eleito afirmou que estava \u00e0 espera da vit\u00f3ria, pelos &#8220;abra\u00e7os e carinho&#8221; que foi recebendo durante a campanha.<\/p>\n<p>&#8220;Acreditei que poderia ganhar. Nunca houve nenhum movimento independente em Poiares e \u00e9 fant\u00e1stica esta sensa\u00e7\u00e3o e muito gratificante&#8221;, disse.<\/p>\n<p>Questionado sobre o futuro, j\u00e1 que n\u00e3o conseguiu maioria absoluta, Nuno Neves disse que est\u00e1 &#8220;aberto ao di\u00e1logo&#8221;.<\/p>\n<p>O movimento Poiares a S\u00e9rio (PRS), liderado por Nuno Neves, venceu as elei\u00e7\u00f5es aut\u00e1rquicas de hoje em Vila Nova de Poiares e roubou a C\u00e2mara ao PS, segundo os dados do Minist\u00e9rio da Administra\u00e7\u00e3o Interna. Depois do PRS, com 40,39% (dois mandatos), o segundo mais votado \u00e9 o PPD\/PSD, com 34,91% (dois mandatos), e o terceiro \u00e9 o PS, com 16,35% dos votos (um mandato), que liderava a autarquia.<\/p>\n<p>Lara Henriques, vereadora e candidata pelo PS, disse \u00e0 ag\u00eancia Lusa que o resultado no concelho \u00e9 fruto &#8220;das circunst\u00e2ncias&#8221;, considerando que o movimento independente \u00e9 um fen\u00f3meno &#8220;id\u00eantico aos movimentos populistas do pa\u00eds&#8221;.<\/p>\n<p>Nuno Neves &#8220;\u00e9 uma pessoa muito popular, muito querida pelas pessoas&#8221;, notou.<\/p>\n<p>&#8220;Independentemente da sua compet\u00eancia ou capacidade, este fen\u00f3meno populista acaba por vencer&#8221;, disse, afirmando que o PS ir\u00e1 agora refletir sobre os resultados &#8220;como um todo&#8221; e ponderar o que fazer no futuro.<\/p>\n<p>Em 2021, o PS, que recandidatava ao terceiro e \u00faltimo mandato Jo\u00e3o Miguel Henriques, obteve tr\u00eas vereadores contra dois do PSD.<\/p>\n","protected":false},"excerpt":{"rendered":"O presidente eleito da C\u00e2mara de Vila Nova de Poiares, que conquistou o munic\u00edpio ao PS pelo movimento&hellip;\n","protected":false},"author":2,"featured_media":108718,"comment_status":"","ping_status":"","sticky":false,"template":"","format":"standard","meta":{"footnotes":""},"categories":[10],"tags":[27,28,15,16,14,25,26,21,22,12,13,19,20,32,23,24,33,17,18,29,30,31],"class_list":{"0":"post-108717","1":"post","2":"type-post","3":"status-publish","4":"format-standard","5":"has-post-thumbnail","7":"category-portugal","8":"tag-breaking-news","9":"tag-breakingnews","10":"tag-featured-news","11":"tag-featurednews","12":"tag-headlines","13":"tag-latest-news","14":"tag-latestnews","15":"tag-main-news","16":"tag-mainnews","17":"tag-news","18":"tag-noticias","19":"tag-noticias-principais","20":"tag-noticiasprincipais","21":"tag-portugal","22":"tag-principais-noticias","23":"tag-principaisnoticias","24":"tag-pt","25":"tag-top-stories","26":"tag-topstories","27":"tag-ultimas","28":"tag-ultimas-noticias","29":"tag-ultimasnoticias"},"share_on_mastodon":{"url":"","error":""},"_links":{"self":[{"href":"https:\/\/www.europesays.com\/pt\/wp-json\/wp\/v2\/posts\/108717","targetHints":{"allow":["GET"]}}],"collection":[{"href":"https:\/\/www.europesays.com\/pt\/wp-json\/wp\/v2\/posts"}],"about":[{"href":"https:\/\/www.europesays.com\/pt\/wp-json\/wp\/v2\/types\/post"}],"author":[{"embeddable":true,"href":"https:\/\/www.europesays.com\/pt\/wp-json\/wp\/v2\/users\/2"}],"replies":[{"embeddable":true,"href":"https:\/\/www.europesays.com\/pt\/wp-json\/wp\/v2\/comments?post=108717"}],"version-history":[{"count":0,"href":"https:\/\/www.europesays.com\/pt\/wp-json\/wp\/v2\/posts\/108717\/revisions"}],"wp:featuredmedia":[{"embeddable":true,"href":"https:\/\/www.europesays.com\/pt\/wp-json\/wp\/v2\/media\/108718"}],"wp:attachment":[{"href":"https:\/\/www.europesays.com\/pt\/wp-json\/wp\/v2\/media?parent=108717"}],"wp:term":[{"taxonomy":"category","embeddable":true,"href":"https:\/\/www.europesays.com\/pt\/wp-json\/wp\/v2\/categories?post=108717"},{"taxonomy":"post_tag","embeddable":true,"href":"https:\/\/www.europesays.com\/pt\/wp-json\/wp\/v2\/tags?post=108717"}],"curies":[{"name":"wp","href":"https:\/\/api.w.org\/{rel}","templated":true}]}}