{"id":108721,"date":"2025-10-13T08:24:09","date_gmt":"2025-10-13T08:24:09","guid":{"rendered":"https:\/\/www.europesays.com\/pt\/108721\/"},"modified":"2025-10-13T08:24:09","modified_gmt":"2025-10-13T08:24:09","slug":"luana-piovani-posa-sem-roupa-e-atica-seguidores-deusa","status":"publish","type":"post","link":"https:\/\/www.europesays.com\/pt\/108721\/","title":{"rendered":"Luana Piovani posa sem roupa e ati\u00e7a seguidores: &#8216;Deusa&#8217;"},"content":{"rendered":"<p><img decoding=\"async\" fetchpriority=\"high\" src=\"https:\/\/www.europesays.com\/pt\/wp-content\/uploads\/2025\/10\/b7isfc3he7jdvn3kok2sz07pb.jpg\" width=\"906\" height=\"509\" alt=\"Luana Piovani\" title=\"Luana Piovani\"\/>Reprodu\u00e7\u00e3o\/Instagram<\/p>\n<p>Luana Piovani<\/p>\n<p class=\"\">Luana Piovani n\u00e3o passou despercebida pelos seguidores neste domingo (12). \u00c9 que a atriz posou para um ensaio de fotos preto e brancas bem ousado. Nas imagens compartilhadas em suas redes sociais, ela aparece sem roupa, usando apenas acess\u00f3rios, como algumas pulseiras.<\/p>\n<p class=\"\">&#8220;Uma tarde em L.A. \ud83c\udf2c\ufe0f\ud83c\udf43 Grata queridos @gersonlopes_photographer e @dougvietro \ud83d\udc8b\ud83d\udc8b&#8221;, dizia a legenda.<\/p>\n<p class=\"\">Os cliques deixaram os seguidores agitados. &#8220;Absurdaaaa&#8221;, postou uma delas. &#8220;Deusa&#8221;, comentou uma outra. &#8220;Linda&#8221;, concluiu uma terceira.<\/p>\n<p>Recentemente, Luana\u00a0polemizou ao citar o breve relacionamento de Virginia Fonseca e Vini Jr. em suas redes sociais. A atriz\u00a0republicou um v\u00eddeo de Eddy Moraes, um criador de conte\u00fado que falava sobre o excesso de exposi\u00e7\u00e3o da influenciadora ao\u00a0mostrar que estava com Vini Jr., al\u00e9m de afirmar que o atleta n\u00e3o assumiria nenhum tipo de relacionamento com ela.<\/p>\n","protected":false},"excerpt":{"rendered":"Reprodu\u00e7\u00e3o\/Instagram Luana Piovani Luana Piovani n\u00e3o passou despercebida pelos seguidores neste domingo (12). \u00c9 que a atriz posou&hellip;\n","protected":false},"author":2,"featured_media":108722,"comment_status":"","ping_status":"","sticky":false,"template":"","format":"standard","meta":{"footnotes":""},"categories":[145],"tags":[211,210,114,115,17752,32,33],"class_list":{"0":"post-108721","1":"post","2":"type-post","3":"status-publish","4":"format-standard","5":"has-post-thumbnail","7":"category-celebridades","8":"tag-celebridades","9":"tag-celebrities","10":"tag-entertainment","11":"tag-entretenimento","12":"tag-ousada","13":"tag-portugal","14":"tag-pt"},"share_on_mastodon":{"url":"","error":""},"_links":{"self":[{"href":"https:\/\/www.europesays.com\/pt\/wp-json\/wp\/v2\/posts\/108721","targetHints":{"allow":["GET"]}}],"collection":[{"href":"https:\/\/www.europesays.com\/pt\/wp-json\/wp\/v2\/posts"}],"about":[{"href":"https:\/\/www.europesays.com\/pt\/wp-json\/wp\/v2\/types\/post"}],"author":[{"embeddable":true,"href":"https:\/\/www.europesays.com\/pt\/wp-json\/wp\/v2\/users\/2"}],"replies":[{"embeddable":true,"href":"https:\/\/www.europesays.com\/pt\/wp-json\/wp\/v2\/comments?post=108721"}],"version-history":[{"count":0,"href":"https:\/\/www.europesays.com\/pt\/wp-json\/wp\/v2\/posts\/108721\/revisions"}],"wp:featuredmedia":[{"embeddable":true,"href":"https:\/\/www.europesays.com\/pt\/wp-json\/wp\/v2\/media\/108722"}],"wp:attachment":[{"href":"https:\/\/www.europesays.com\/pt\/wp-json\/wp\/v2\/media?parent=108721"}],"wp:term":[{"taxonomy":"category","embeddable":true,"href":"https:\/\/www.europesays.com\/pt\/wp-json\/wp\/v2\/categories?post=108721"},{"taxonomy":"post_tag","embeddable":true,"href":"https:\/\/www.europesays.com\/pt\/wp-json\/wp\/v2\/tags?post=108721"}],"curies":[{"name":"wp","href":"https:\/\/api.w.org\/{rel}","templated":true}]}}