{"id":108775,"date":"2025-10-13T09:35:07","date_gmt":"2025-10-13T09:35:07","guid":{"rendered":"https:\/\/www.europesays.com\/pt\/108775\/"},"modified":"2025-10-13T09:35:07","modified_gmt":"2025-10-13T09:35:07","slug":"historico-dirigente-da-ferrari-e-protagonista-de-documentario","status":"publish","type":"post","link":"https:\/\/www.europesays.com\/pt\/108775\/","title":{"rendered":"Hist\u00f3rico dirigente da Ferrari \u00e9 protagonista de document\u00e1rio"},"content":{"rendered":"<p>&#8216;Luca &#8211; Seeing Red&#8217; \u00e9 o novo document\u00e1rio com o setor autom\u00f3vel e automobilismo como pano de fundo. Realizado pelo guionista de &#8216;Senna&#8217;, retrata a trajet\u00f3ria de Luca di Montezemolo na Ferrari.<\/p>\n<p>A realiza\u00e7\u00e3o, produ\u00e7\u00e3o e gui\u00e3o s\u00e3o assinados por Manish Pandey, que foi guionista do document\u00e1rio &#8216;Senna&#8217; (sobre Ayrton Senna). Christopher M. Armstrong \u00e9 co-realizador. A distribui\u00e7\u00e3o est\u00e1 a cargo da Freemantle, sendo a estreia na MIPCOM em Cannes.<\/p>\n<p>Num comunicado publicado no site da produtora e distribuidora, Luca di Montezemolo elogiou a forma como o document\u00e1rio retrata o seu percurso: &#8220;Vivi a minha vida a toda a velocidade e este filme capta esse esp\u00edrito, tendo como pano de fundo a beleza intemporal de It\u00e1lia. [&#8230;]. Dos pontos altos dos t\u00edtulos mundiais aos desafios que me testaram, &#8216;Seeing Red&#8217; reflete n\u00e3o s\u00f3 a minha jornada, como tamb\u00e9m as pessoas e momentos incr\u00edveis que a moldaram. Estou orgulhoso por partilhar esta est\u00f3ria com o mundo&#8221;.<\/p>\n<p>Quatro d\u00e9cadas na Ferrari<\/p>\n<p>Foi em 1973 que Luca di Montezemolo entrou na Ferrari, a convite do pr\u00f3prio fundador Enzo, sendo designado como diretor desportivo para a F\u00f3rmula 1 no ano seguinte. Em 1975 e 1977 conquistou os seus primeiros t\u00edtulos, com Niki Lauda.<\/p>\n<p>Seguiu-se um per\u00edodo na Fiat, na Ta\u00e7a Am\u00e9rica em vela e tamb\u00e9m no Comit\u00e9 Organizador do Mundial 1990 em It\u00e1lia, antes do regresso \u00e0 Ferrari em 1991 &#8211; ao ser nomeado presidente por Gianni Agnelli.<\/p>\n<p>Na altura, o construtor enfrentava um per\u00edodo complicado ap\u00f3s a morte de Enzo. Di Montezemolo reergueu a empresa: o neg\u00f3cio de carros de estrada passou de preju\u00edzos a lucros e, desportivamente, catapultou a Ferrari para uma era dourada que arrancou com o t\u00edtulo de 1999 (o primeiro em 16 anos, na altura) e foi protagonizada por Michael Schumacher.<\/p>\n<p>At\u00e9 2014, Luca di Montezemolo manteve-se \u00e0 frente dos destinos da Ferrari (entretanto, em 2010, saiu da Fiat), sendo substitu\u00eddo pelo j\u00e1 falecido Sergio Marchionne.<\/p>\n<p>A sinopse<\/p>\n<p>Segundo a Freemantle, neste document\u00e1rio Chris Harris, do Top Gear, viajou a It\u00e1lia para se reunir com Luca di Montezemolo, &#8220;o seu her\u00f3i&#8221;.<\/p>\n<p>O trabalho &#8220;mergulha a fundo na carreira extraordin\u00e1ria de Montezemolo &#8211; desde os primeiros dias sob lideran\u00e7a de Enzo Ferrari at\u00e9 \u00e0 orquestra\u00e7\u00e3o das eras douradas da marca com Niki Lauda e Michael Schumacher&#8221;.<\/p>\n<p>Leia Tamb\u00e9m: <a href=\"https:\/\/www.noticiasaominuto.com\/auto\/2866243\/ferrari-tem-nova-pista-de-testes-construida-em-quatro-meses\" target=\"_blank\" rel=\"noreferrer noopener nofollow\">Ferrari tem nova pista de testes (constru\u00edda em quatro meses)<\/a><\/p>\n","protected":false},"excerpt":{"rendered":"&#8216;Luca &#8211; Seeing Red&#8217; \u00e9 o novo document\u00e1rio com o setor autom\u00f3vel e automobilismo como pano de fundo.&hellip;\n","protected":false},"author":2,"featured_media":108776,"comment_status":"","ping_status":"","sticky":false,"template":"","format":"standard","meta":{"footnotes":""},"categories":[140],"tags":[114,115,147,148,146,32,33],"class_list":{"0":"post-108775","1":"post","2":"type-post","3":"status-publish","4":"format-standard","5":"has-post-thumbnail","7":"category-filmes","8":"tag-entertainment","9":"tag-entretenimento","10":"tag-film","11":"tag-filmes","12":"tag-movies","13":"tag-portugal","14":"tag-pt"},"share_on_mastodon":{"url":"","error":""},"_links":{"self":[{"href":"https:\/\/www.europesays.com\/pt\/wp-json\/wp\/v2\/posts\/108775","targetHints":{"allow":["GET"]}}],"collection":[{"href":"https:\/\/www.europesays.com\/pt\/wp-json\/wp\/v2\/posts"}],"about":[{"href":"https:\/\/www.europesays.com\/pt\/wp-json\/wp\/v2\/types\/post"}],"author":[{"embeddable":true,"href":"https:\/\/www.europesays.com\/pt\/wp-json\/wp\/v2\/users\/2"}],"replies":[{"embeddable":true,"href":"https:\/\/www.europesays.com\/pt\/wp-json\/wp\/v2\/comments?post=108775"}],"version-history":[{"count":0,"href":"https:\/\/www.europesays.com\/pt\/wp-json\/wp\/v2\/posts\/108775\/revisions"}],"wp:featuredmedia":[{"embeddable":true,"href":"https:\/\/www.europesays.com\/pt\/wp-json\/wp\/v2\/media\/108776"}],"wp:attachment":[{"href":"https:\/\/www.europesays.com\/pt\/wp-json\/wp\/v2\/media?parent=108775"}],"wp:term":[{"taxonomy":"category","embeddable":true,"href":"https:\/\/www.europesays.com\/pt\/wp-json\/wp\/v2\/categories?post=108775"},{"taxonomy":"post_tag","embeddable":true,"href":"https:\/\/www.europesays.com\/pt\/wp-json\/wp\/v2\/tags?post=108775"}],"curies":[{"name":"wp","href":"https:\/\/api.w.org\/{rel}","templated":true}]}}