{"id":108782,"date":"2025-10-13T09:41:21","date_gmt":"2025-10-13T09:41:21","guid":{"rendered":"https:\/\/www.europesays.com\/pt\/108782\/"},"modified":"2025-10-13T09:41:21","modified_gmt":"2025-10-13T09:41:21","slug":"primaprix-a-low-cost-dos-descontos-ate-70-abre-nova-loja-em-portugal","status":"publish","type":"post","link":"https:\/\/www.europesays.com\/pt\/108782\/","title":{"rendered":"PrimaPrix, a low cost dos descontos at\u00e9 70% abre nova loja em Portugal"},"content":{"rendered":"<p>&#13;<br \/>\n\t\t\t\t Users: 3.477&#13;\n\t\t\t<\/p>\n<p>A retalhista espanhola PrimaPrix vai abrir em breve uma nova loja em Portugal, dando continuidade ao seu plano de expans\u00e3o em territ\u00f3rio nacional. Assim sendo, depois das inaugura\u00e7\u00f5es em Guimar\u00e3es, Porto e Lisboa, a marca confirma assim a sua aposta no mercado portugu\u00eas, onde j\u00e1 soma tr\u00eas lojas em funcionamento.<\/p>\n<p><a class=\"gcc-anchor\" id=\"1\"\/><br \/>\nExpans\u00e3o r\u00e1pida no mercado portugu\u00eas<br \/>\n<img loading=\"lazy\" decoding=\"async\" class=\"size-full wp-image-736584\" src=\"data:image\/svg+xml,%3Csvg%20xmlns=\" http:=\"\" alt=\"primaprix loja\" width=\"728\" height=\"385\" data-lazy- data-lazy- data-lazy-src=\"https:\/\/www.europesays.com\/pt\/wp-content\/uploads\/2025\/09\/primaprix-loja.webp.webp\"\/>\u00a9 Ruben Fraile via ShutterStock (ID: 1978066313)<\/p>\n<p>A entrada da PrimaPrix em Portugal aconteceu de forma r\u00e1pida e estrat\u00e9gica. No dia 27 de maio, Guimar\u00e3es foi a primeira cidade a acolher uma loja da ins\u00edgnia. Apenas dois dias depois, a 29 de maio, foi a vez do Porto receber a retalhista. J\u00e1 no in\u00edcio de julho, a 4 de julho, Lisboa passou a contar com mais uma op\u00e7\u00e3o de compras a pre\u00e7os acess\u00edveis.<\/p>\n<p>Agora, todas as aten\u00e7\u00f5es voltam-se para\u00a0Coimbra, onde a empresa prepara a\u00a0abertura da sua quarta loja\u00a0em territ\u00f3rio nacional. Embora a localiza\u00e7\u00e3o exata e a data de inaugura\u00e7\u00e3o ainda n\u00e3o tenham sido divulgadas, o in\u00edcio do processo de recrutamento indica que a abertura dever\u00e1 ocorrer\u00a0nas pr\u00f3ximas semanas.<\/p>\n<p><a class=\"gcc-anchor\" id=\"2\"\/><br \/>\nConceito inovador e pre\u00e7os muito acess\u00edveis<\/p>\n<p>A PrimaPrix distingue-se pelo seu modelo de neg\u00f3cio baseado no conceito de outlet de marcas internacionais. As lojas oferecem uma vasta gama de <a href=\"https:\/\/www.magazine-hd.com\/apps\/wp\/primaprix-loja-rival-action-normal-produtos-essenciais-quotidiano-super-preco\/\" target=\"_blank\" rel=\"noopener nofollow\">produtos<\/a> de marcas reconhecidas, com descontos significativos face aos pre\u00e7os habituais do mercado. Assim sendo a oferta abrange v\u00e1rias categorias, incluindo:<\/p>\n<ul>\n<li>Alimenta\u00e7\u00e3o e bebidas;<\/li>\n<li>Higiene pessoal;<\/li>\n<li>Produtos de limpeza;<\/li>\n<li>Artigos de uso di\u00e1rio.<\/li>\n<\/ul>\n<p><a class=\"gcc-anchor\" id=\"3\"\/><br \/>\nCrescimento internacional com impacto local<\/p>\n<p>Com mais de\u00a0275 lojas na Europa\u00a0e cerca de\u00a02.500 colaboradores, a PrimaPrix continua a consolidar a sua posi\u00e7\u00e3o como uma das principais retalhistas discount do continente. A chegada a Portugal representa um passo estrat\u00e9gico na sua\u00a0expans\u00e3o internacional, mas tamb\u00e9m um investimento no contexto econ\u00f3mico local.<\/p>\n<p>A marca destaca-se ainda por uma\u00a0cultura empresarial inclusiva, onde\u00a070% dos cargos de lideran\u00e7a s\u00e3o ocupados por mulheres. Esta pol\u00edtica interna reflete-se tamb\u00e9m no ambiente das <a href=\"https:\/\/www.magazine-hd.com\/apps\/wp\/ha-uma-nova-loja-estilo-normal-e-action-em-portugal\/\" target=\"_blank\" rel=\"noopener nofollow\">lojas<\/a>, orientado para a proximidade com os clientes e para uma gest\u00e3o eficiente e moderna.<\/p>\n<p>Al\u00e9m disso, este investimento ter\u00e1, assim, um impacto direto na economia local, n\u00e3o s\u00f3 atrav\u00e9s da cria\u00e7\u00e3o de postos de trabalho, mas tamb\u00e9m pela introdu\u00e7\u00e3o de uma nova alternativa de <a href=\"https:\/\/www.magazine-hd.com\/apps\/wp\/primaprix-loja-rival-action-normal-sucesso-portugueses-produtos-super-baratos\/\" target=\"_blank\" rel=\"noopener nofollow\">consumo<\/a> que valoriza o poder de compra das fam\u00edlias.<\/p>\n<p><a class=\"gcc-anchor\" id=\"4\"\/><br \/>\nFuturo promissor para a PrimaPrix em Portugal<br \/>\n<img loading=\"lazy\" decoding=\"async\" class=\"size-full wp-image-736585\" src=\"data:image\/svg+xml,%3Csvg%20xmlns=\" http:=\"\" alt=\"loja primaprix\" width=\"728\" height=\"385\" data-lazy- data-lazy- data-lazy-src=\"https:\/\/www.europesays.com\/pt\/wp-content\/uploads\/2025\/09\/loja-primaprix.webp.webp\"\/>\u00a9 lma_ss via ShutterStock (ID: 2044184537)<\/p>\n<p>Com tr\u00eas lojas em funcionamento e mais uma a caminho, a PrimaPrix demonstra que v\u00ea em Portugal\u00a0um <a href=\"https:\/\/www.magazine-hd.com\/apps\/wp\/action-outono-campanha-precos-muito-baixos\/\" target=\"_blank\" rel=\"noopener nofollow\">mercado<\/a> com elevado potencial. A ades\u00e3o dos consumidores portugueses tem sido positiva, e tudo indica que novas aberturas dever\u00e3o seguir-se nos pr\u00f3ximos meses.<\/p>\n<p>Coimbra ser\u00e1, portanto, mais um marco na expans\u00e3o da marca em territ\u00f3rio nacional. Assim sendo a chegada da retalhista \u00e0 cidade promete diversificar a oferta comercial existente e ao mesmo tempo mostra a presen\u00e7a de marcas internacionais no centro do pa\u00eds.<\/p>\n<p>\u00c0 medida que o projeto se desenvolve, espera-se que a PrimaPrix continue a atrair a aten\u00e7\u00e3o de quem procura\u00a0qualidade a pre\u00e7os reduzidos, num formato moderno e alinhado com as tend\u00eancias de consumo atuais.<\/p>\n<p>\n        About The Author<\/p>\n<p>                <a href=\"https:\/\/www.magazine-hd.com\/apps\/wp\/author\/dpassos\/\" rel=\"nofollow noopener\" target=\"_blank\"><img loading=\"lazy\" decoding=\"async\" width=\"150\" height=\"150\" src=\"data:image\/svg+xml,%3Csvg%20xmlns=\" http:=\"\" class=\"avatar avatar-150 photo\" alt=\"\" data-lazy- data-lazy- data-lazy-src=\"https:\/\/www.europesays.com\/pt\/wp-content\/uploads\/2025\/10\/dp-150x150.jpg\"\/><\/a><\/p>\n<p>                    <a href=\"https:\/\/www.magazine-hd.com\/apps\/wp\/author\/dpassos\/\" rel=\"nofollow noopener\" target=\"_blank\">David Passos<\/a><\/p>\n<p>Licenciado em Antropologia, Mestre em Gest\u00e3o da Cultural pelo ISCTE-IUL, e P\u00f3s-graduado em Estudos Visuais: Fotografia e P\u00f3s-Cinema na FCSH. \u00c9 fot\u00f3grafo e cineasta, tendo estreado a sua segunda curta-metragem, \u201cTraz Chuva\u201d, no Cinema S\u00e3o Jorge, em Lisboa. Faz parte da MHD desde 2022, sendo atualmente redator e Coordenador de M\u00fasica. Tem interesse numa grande variedade de assuntos, desde m\u00fasica, a gaming, cinema, literatura e televis\u00e3o. Especialista em LEGO e Senhor dos An\u00e9is.<\/p>\n<p>\t\t<\/p>\n","protected":false},"excerpt":{"rendered":"&#13; Users: 3.477&#13; A retalhista espanhola PrimaPrix vai abrir em breve uma nova loja em Portugal, dando continuidade&hellip;\n","protected":false},"author":2,"featured_media":80917,"comment_status":"","ping_status":"","sticky":false,"template":"","format":"standard","meta":{"footnotes":""},"categories":[83],"tags":[88,1911,2402,89,90,628,20772,32,20773,9883,2064,33],"class_list":{"0":"post-108782","1":"post","2":"type-post","3":"status-publish","4":"format-standard","5":"has-post-thumbnail","7":"category-empresas","8":"tag-business","9":"tag-coimbra","10":"tag-descontos","11":"tag-economy","12":"tag-empresas","13":"tag-loja","14":"tag-nova-loja","15":"tag-portugal","16":"tag-primaprix","17":"tag-produtos","18":"tag-promocoes","19":"tag-pt"},"share_on_mastodon":{"url":"","error":""},"_links":{"self":[{"href":"https:\/\/www.europesays.com\/pt\/wp-json\/wp\/v2\/posts\/108782","targetHints":{"allow":["GET"]}}],"collection":[{"href":"https:\/\/www.europesays.com\/pt\/wp-json\/wp\/v2\/posts"}],"about":[{"href":"https:\/\/www.europesays.com\/pt\/wp-json\/wp\/v2\/types\/post"}],"author":[{"embeddable":true,"href":"https:\/\/www.europesays.com\/pt\/wp-json\/wp\/v2\/users\/2"}],"replies":[{"embeddable":true,"href":"https:\/\/www.europesays.com\/pt\/wp-json\/wp\/v2\/comments?post=108782"}],"version-history":[{"count":0,"href":"https:\/\/www.europesays.com\/pt\/wp-json\/wp\/v2\/posts\/108782\/revisions"}],"wp:featuredmedia":[{"embeddable":true,"href":"https:\/\/www.europesays.com\/pt\/wp-json\/wp\/v2\/media\/80917"}],"wp:attachment":[{"href":"https:\/\/www.europesays.com\/pt\/wp-json\/wp\/v2\/media?parent=108782"}],"wp:term":[{"taxonomy":"category","embeddable":true,"href":"https:\/\/www.europesays.com\/pt\/wp-json\/wp\/v2\/categories?post=108782"},{"taxonomy":"post_tag","embeddable":true,"href":"https:\/\/www.europesays.com\/pt\/wp-json\/wp\/v2\/tags?post=108782"}],"curies":[{"name":"wp","href":"https:\/\/api.w.org\/{rel}","templated":true}]}}