{"id":108801,"date":"2025-10-13T10:02:07","date_gmt":"2025-10-13T10:02:07","guid":{"rendered":"https:\/\/www.europesays.com\/pt\/108801\/"},"modified":"2025-10-13T10:02:07","modified_gmt":"2025-10-13T10:02:07","slug":"psd-passa-a-liderar-poder-local-e-montenegro-equipara-se-a-cavaco-silva","status":"publish","type":"post","link":"https:\/\/www.europesays.com\/pt\/108801\/","title":{"rendered":"PSD passa a liderar poder local e Montenegro equipara-se a Cavaco Silva"},"content":{"rendered":"<p>                    Com mais votos, mais mandatos, mais presidentes de Junta e de C\u00e2mara, o <b>PSD volta a ser &#8220;o maior partido no poder local&#8221;<\/b>, sublinhou Lu\u00eds Montenegro no discurso de rea\u00e7\u00e3o aos resultados aut\u00e1rquicos.<\/p>\n<p>Sozinho e em coliga\u00e7\u00e3o, o <b>PSD lidera 136 autarquias<\/b>, o que permite regressar, 12 anos depois, \u00e0 lideran\u00e7a da <b>Associa\u00e7\u00e3o Nacional de Munic\u00edpios Portugueses (ANMP) e da Associa\u00e7\u00e3o Nacional de Freguesias<\/b>.<\/p>\n<p>No mesmo discurso, o presidente do PSD fez uma refer\u00eancia impl\u00edcita a Cavaco Silva que em 1985, j\u00e1 primeiro-ministro, venceu as aut\u00e1rquicas. &#8220;Convido-vos a procurarem nos vossos apontamentos o \u00faltimo primeiro-ministro do PSD que venceu elei\u00e7\u00f5es aut\u00e1rquicas no exerc\u00edcio da fun\u00e7\u00e3o&#8221;, afirmou Lu\u00eds Montenegro. <\/p>\n<p>Nas mais recentes vit\u00f3rias aut\u00e1rquicas do PSD (em 2001, 2005 e 2009), o <b>partido estava na oposi\u00e7\u00e3o.<br \/>&#13;<br \/>\n<\/b><br \/>&#13;\n<\/p>\n<p>&#13;<br \/>\nLu\u00eds Montenegro reagiu aos resultados aut\u00e1rquicos na sede do PSD\/Porto, onde o partido acompanhou a noite eleitoral.\u00a0&#13;\n<\/p>\n<p>&#13;<br \/>\nApesar das conquistas, Montenegro admitiu que o partido teve <b>&#8220;algumas surpresas menos agrad\u00e1veis&#8221;<\/b>. O PSD <b>perdeu basti\u00f5es como Viseu ou Bragan\u00e7a, e capitais de distrito como Coimbra e Faro.<\/b>&#13;\n<\/p>\n<p>\nTerminada a contagem dos votos das elei\u00e7\u00f5es aut\u00e1rquicas, os dados da Secretaria-geral do Minist\u00e9rio da Administra\u00e7\u00e3o Interna mostram que o PSD, isolado ou em coliga\u00e7\u00e3o, conquista <b>136 autarquias<\/b>, seguido pelo PS que vence <b>128 c\u00e2maras municipais<\/b>. Os grupos de cidad\u00e3os conquistam <b>20 munic\u00edpios<\/b>. <\/p>\n<p>O PSD que vence v\u00e1rios concelhos com maior n\u00famero de habitantes. S\u00e3o exemplos Lisboa, Porto, Sintra, e Vila Nova de Gaia. Nota tamb\u00e9m para Braga, Ponta Delgada e Funchal e uma das surpresas da noite, Beja, que at\u00e9 agora era liderada pelo PS e antes pela CDU. <\/p>\n<p>J\u00e1 o PS conquista aos sociais-democratas Viseu, que n\u00e3o mudava de cor desde 1989, para al\u00e9m de Bragan\u00e7a, Coimbra e Faro. Em rela\u00e7\u00e3o aos grandes munic\u00edpios, os socialistas seguram Loures, Almada, Amadora e Matosinhos.<\/p>\n<p>O secret\u00e1rio-geral socialista, <b>Jos\u00e9 Lu\u00eds Carneiro, disse que o partido voltou como grande alternativa pol\u00edtica ao governo e mostrou vitalidade.<br \/>&#13;<br \/>\n<\/b>&#13;<br \/>\n<b><br \/>&#13;<br \/>\nO Chega conquista a lideran\u00e7a de tr\u00eas c\u00e2maras:<\/b> Albufeira, Entroncamento e S\u00e3o Vicente, na Madeira. Andr\u00e9 Ventura admitiu que esperava mais mas destaca as conquistas nestas elei\u00e7\u00f5es aut\u00e1rquicas.<\/p>\n<p>A CDU ficou com 12 c\u00e2maras, mas perdeu sete em rela\u00e7\u00e3o \u00e0s elei\u00e7\u00f5es de 2021. A coliga\u00e7\u00e3o PCP\/Verdes perdeu basti\u00f5es como \u00c9vora e Set\u00fabal, para al\u00e9m de Serpa, mas recuperou Mora e Montemor-o-Novo. O secret\u00e1rio-geral do PCP, Paulo Raimundo, assumiu a derrota nestas elei\u00e7\u00f5es aut\u00e1rquicas. <\/p>\n<p>O CDS mant\u00e9m as seis autarquias que tinha como Albergaria-a-Velha ou Ponte de Lima. O presidente do partido, Nuno Melo, classificou a noite eleitoral deste domingo como &#8220;muito feliz&#8221; porque conseguiu manter seis c\u00e2maras municipais e ganhar mais uma em coliga\u00e7\u00e3o.<\/p>\n","protected":false},"excerpt":{"rendered":"Com mais votos, mais mandatos, mais presidentes de Junta e de C\u00e2mara, o PSD volta a ser &#8220;o&hellip;\n","protected":false},"author":2,"featured_media":108802,"comment_status":"","ping_status":"","sticky":false,"template":"","format":"standard","meta":{"footnotes":""},"categories":[10],"tags":[27,28,15,16,14,25,26,21,22,12,13,19,20,32,23,24,33,420,421,17,18,29,30,31],"class_list":{"0":"post-108801","1":"post","2":"type-post","3":"status-publish","4":"format-standard","5":"has-post-thumbnail","7":"category-portugal","8":"tag-breaking-news","9":"tag-breakingnews","10":"tag-featured-news","11":"tag-featurednews","12":"tag-headlines","13":"tag-latest-news","14":"tag-latestnews","15":"tag-main-news","16":"tag-mainnews","17":"tag-news","18":"tag-noticias","19":"tag-noticias-principais","20":"tag-noticiasprincipais","21":"tag-portugal","22":"tag-principais-noticias","23":"tag-principaisnoticias","24":"tag-pt","25":"tag-rtp","26":"tag-rtp-noticias","27":"tag-top-stories","28":"tag-topstories","29":"tag-ultimas","30":"tag-ultimas-noticias","31":"tag-ultimasnoticias"},"share_on_mastodon":{"url":"","error":""},"_links":{"self":[{"href":"https:\/\/www.europesays.com\/pt\/wp-json\/wp\/v2\/posts\/108801","targetHints":{"allow":["GET"]}}],"collection":[{"href":"https:\/\/www.europesays.com\/pt\/wp-json\/wp\/v2\/posts"}],"about":[{"href":"https:\/\/www.europesays.com\/pt\/wp-json\/wp\/v2\/types\/post"}],"author":[{"embeddable":true,"href":"https:\/\/www.europesays.com\/pt\/wp-json\/wp\/v2\/users\/2"}],"replies":[{"embeddable":true,"href":"https:\/\/www.europesays.com\/pt\/wp-json\/wp\/v2\/comments?post=108801"}],"version-history":[{"count":0,"href":"https:\/\/www.europesays.com\/pt\/wp-json\/wp\/v2\/posts\/108801\/revisions"}],"wp:featuredmedia":[{"embeddable":true,"href":"https:\/\/www.europesays.com\/pt\/wp-json\/wp\/v2\/media\/108802"}],"wp:attachment":[{"href":"https:\/\/www.europesays.com\/pt\/wp-json\/wp\/v2\/media?parent=108801"}],"wp:term":[{"taxonomy":"category","embeddable":true,"href":"https:\/\/www.europesays.com\/pt\/wp-json\/wp\/v2\/categories?post=108801"},{"taxonomy":"post_tag","embeddable":true,"href":"https:\/\/www.europesays.com\/pt\/wp-json\/wp\/v2\/tags?post=108801"}],"curies":[{"name":"wp","href":"https:\/\/api.w.org\/{rel}","templated":true}]}}