{"id":108811,"date":"2025-10-13T10:12:08","date_gmt":"2025-10-13T10:12:08","guid":{"rendered":"https:\/\/www.europesays.com\/pt\/108811\/"},"modified":"2025-10-13T10:12:08","modified_gmt":"2025-10-13T10:12:08","slug":"campanha-nacional-de-vacinacao-reforca-a-importancia-de-manter-a-caderneta-em-dia","status":"publish","type":"post","link":"https:\/\/www.europesays.com\/pt\/108811\/","title":{"rendered":"Campanha Nacional de Vacina\u00e7\u00e3o refor\u00e7a a import\u00e2ncia de manter a caderneta em dia"},"content":{"rendered":"<p>\t\t\t\t\t\t&#13;<\/p>\n<p class=\"meta\">&#13;<br \/>\n                                         Por Reda\u00e7\u00e3o.&#13;<br \/>\n                                         Publicado em 13\/10\/2025 \u00e0s 07:00.&#13;\n                                                                            <\/p>\n<p>\t\t\t\t\t\t\t&#13;<\/p>\n<p>\t\t\t\t\t\t<img loading=\"lazy\" width=\"710\" height=\"400\" src=\"https:\/\/www.europesays.com\/pt\/wp-content\/uploads\/2025\/10\/Fala-Doutor_Portal.png\" class=\"alignleft featured-image wp-post-image\" alt=\"\" decoding=\"async\"  \/>\t\t\t\t\t\t\t<\/p>\n<p>\u00a0<\/p>\n<p>\u00a0<\/p>\n<p>\u00a0<\/p>\n<p>\u00a0<\/p>\n<p>\u00a0<\/p>\n<p>\u00a0<\/p>\n<p>\u00a0<\/p>\n<p>\u00a0<\/p>\n<p>O Fala Doutor de hoje fala sobre um tema essencial para a sa\u00fade das fam\u00edlias: a Campanha Nacional de Vacina\u00e7\u00e3o, lan\u00e7ada pelo Minist\u00e9rio da Sa\u00fade para proteger crian\u00e7as e adolescentes de at\u00e9 15 anos. A a\u00e7\u00e3o acontece em todo o pa\u00eds entre os dias 6 e 31 de outubro, com o Dia D de mobiliza\u00e7\u00e3o marcado para o pr\u00f3ximo s\u00e1bado, 18 de outubro, quando as unidades de sa\u00fade estar\u00e3o abertas para atualizar a caderneta e garantir a prote\u00e7\u00e3o de todos. O objetivo \u00e9 recuperar as coberturas vacinais e evitar o retorno de doen\u00e7as j\u00e1 eliminadas no Brasil. E vale lembrar: todos os dias s\u00e3o dias de vacina\u00e7\u00e3o nas Unidades B\u00e1sicas de Sa\u00fade. Para quem quiser conferir a situa\u00e7\u00e3o vacinal sem sair de casa, o aplicativo Meu SUS Digital \u00e9 uma \u00f3tima ferramenta. Nele, pais e respons\u00e1veis podem acompanhar a Caderneta Digital de Sa\u00fade da Crian\u00e7a, receber alertas e saber quando \u00e9 hora da pr\u00f3xima dose. O app est\u00e1 dispon\u00edvel gratuitamente nas lojas de aplicativos e tamb\u00e9m na vers\u00e3o web, com login pelo <a href=\"http:\/\/gov.br\" rel=\"nofollow noopener\" target=\"_blank\">gov.br<\/a>. Hoje, quem conversa com a gente \u00e9 a Dra. Helo\u00edsa Giamberardino, do Centro de Vacinas do Hospital Pequeno Pr\u00edncipe, para tirar as principais d\u00favidas dos pais sobre vacinas.<\/p>\n<p>A coluna\u00a0<strong>Fala Doutor<\/strong>\u00a0\u00e9 uma parceria entre a\u00a0<strong>Rede\u00a0AERP<\/strong>\u00a0e o\u00a0<strong>Hospital Pequeno Pr\u00edncipe<\/strong><\/p>\n","protected":false},"excerpt":{"rendered":"&#13; &#13; Por Reda\u00e7\u00e3o.&#13; Publicado em 13\/10\/2025 \u00e0s 07:00.&#13; &#13; \u00a0 \u00a0 \u00a0 \u00a0 \u00a0 \u00a0 \u00a0 \u00a0&hellip;\n","protected":false},"author":2,"featured_media":108812,"comment_status":"","ping_status":"","sticky":false,"template":"","format":"standard","meta":{"footnotes":""},"categories":[86],"tags":[116,32,33,117],"class_list":{"0":"post-108811","1":"post","2":"type-post","3":"status-publish","4":"format-standard","5":"has-post-thumbnail","7":"category-saude","8":"tag-health","9":"tag-portugal","10":"tag-pt","11":"tag-saude"},"share_on_mastodon":{"url":"","error":""},"_links":{"self":[{"href":"https:\/\/www.europesays.com\/pt\/wp-json\/wp\/v2\/posts\/108811","targetHints":{"allow":["GET"]}}],"collection":[{"href":"https:\/\/www.europesays.com\/pt\/wp-json\/wp\/v2\/posts"}],"about":[{"href":"https:\/\/www.europesays.com\/pt\/wp-json\/wp\/v2\/types\/post"}],"author":[{"embeddable":true,"href":"https:\/\/www.europesays.com\/pt\/wp-json\/wp\/v2\/users\/2"}],"replies":[{"embeddable":true,"href":"https:\/\/www.europesays.com\/pt\/wp-json\/wp\/v2\/comments?post=108811"}],"version-history":[{"count":0,"href":"https:\/\/www.europesays.com\/pt\/wp-json\/wp\/v2\/posts\/108811\/revisions"}],"wp:featuredmedia":[{"embeddable":true,"href":"https:\/\/www.europesays.com\/pt\/wp-json\/wp\/v2\/media\/108812"}],"wp:attachment":[{"href":"https:\/\/www.europesays.com\/pt\/wp-json\/wp\/v2\/media?parent=108811"}],"wp:term":[{"taxonomy":"category","embeddable":true,"href":"https:\/\/www.europesays.com\/pt\/wp-json\/wp\/v2\/categories?post=108811"},{"taxonomy":"post_tag","embeddable":true,"href":"https:\/\/www.europesays.com\/pt\/wp-json\/wp\/v2\/tags?post=108811"}],"curies":[{"name":"wp","href":"https:\/\/api.w.org\/{rel}","templated":true}]}}