{"id":108815,"date":"2025-10-13T10:24:09","date_gmt":"2025-10-13T10:24:09","guid":{"rendered":"https:\/\/www.europesays.com\/pt\/108815\/"},"modified":"2025-10-13T10:24:09","modified_gmt":"2025-10-13T10:24:09","slug":"ex-modelo-posta-registro-raro-da-familia-e-namorado","status":"publish","type":"post","link":"https:\/\/www.europesays.com\/pt\/108815\/","title":{"rendered":"ex-modelo posta registro raro da fam\u00edlia e namorado"},"content":{"rendered":"<p class=\"bullet mt-0\" data-v-232111b4=\"\">Gisele B\u00fcndchen, 45, postou raras fotos da fam\u00edlia, contendo raros registros de seus tr\u00eas filhos, incluindo o ca\u00e7ula, cujo nome n\u00e3o foi divulgado, e o namorado Joaquim Valente, 35.<\/p>\n<p>O que aconteceu<\/p>\n<p class=\"bullet\" data-v-232111b4=\"\"><strong>As imagens, publicadas em suas redes sociais, mostram momentos de afeto e descontra\u00e7\u00e3o, enquanto B\u00fcndchen acompanhou as fotos com uma legenda filos\u00f3fica<\/strong>: &#8220;H\u00e1 apenas uma coisa mais preciosa do que o nosso tempo\u2026 \u00c9 com quem escolhemos pass\u00e1-lo&#8221;.<\/p>\n<p class=\"bullet\" data-v-232111b4=\"\"><strong>No carrossel de imagens, o filho mais novo de Gisele aparece de costas, ao lado do irm\u00e3o Benjamin Rein, 15, em um momento de intera\u00e7\u00e3o com um piano.<\/strong> J\u00e1 a filha Vivian Lake, 12, surge em uma selfie com a m\u00e3e, mas com o rosto coberto, mantendo a pol\u00edtica de privacidade que a ex-modelo adota em rela\u00e7\u00e3o \u00e0s crian\u00e7as.<\/p>\n","protected":false},"excerpt":{"rendered":"Gisele B\u00fcndchen, 45, postou raras fotos da fam\u00edlia, contendo raros registros de seus tr\u00eas filhos, incluindo o ca\u00e7ula,&hellip;\n","protected":false},"author":2,"featured_media":108816,"comment_status":"","ping_status":"","sticky":false,"template":"","format":"standard","meta":{"footnotes":""},"categories":[145],"tags":[211,210,114,115,32,33],"class_list":{"0":"post-108815","1":"post","2":"type-post","3":"status-publish","4":"format-standard","5":"has-post-thumbnail","7":"category-celebridades","8":"tag-celebridades","9":"tag-celebrities","10":"tag-entertainment","11":"tag-entretenimento","12":"tag-portugal","13":"tag-pt"},"share_on_mastodon":{"url":"","error":""},"_links":{"self":[{"href":"https:\/\/www.europesays.com\/pt\/wp-json\/wp\/v2\/posts\/108815","targetHints":{"allow":["GET"]}}],"collection":[{"href":"https:\/\/www.europesays.com\/pt\/wp-json\/wp\/v2\/posts"}],"about":[{"href":"https:\/\/www.europesays.com\/pt\/wp-json\/wp\/v2\/types\/post"}],"author":[{"embeddable":true,"href":"https:\/\/www.europesays.com\/pt\/wp-json\/wp\/v2\/users\/2"}],"replies":[{"embeddable":true,"href":"https:\/\/www.europesays.com\/pt\/wp-json\/wp\/v2\/comments?post=108815"}],"version-history":[{"count":0,"href":"https:\/\/www.europesays.com\/pt\/wp-json\/wp\/v2\/posts\/108815\/revisions"}],"wp:featuredmedia":[{"embeddable":true,"href":"https:\/\/www.europesays.com\/pt\/wp-json\/wp\/v2\/media\/108816"}],"wp:attachment":[{"href":"https:\/\/www.europesays.com\/pt\/wp-json\/wp\/v2\/media?parent=108815"}],"wp:term":[{"taxonomy":"category","embeddable":true,"href":"https:\/\/www.europesays.com\/pt\/wp-json\/wp\/v2\/categories?post=108815"},{"taxonomy":"post_tag","embeddable":true,"href":"https:\/\/www.europesays.com\/pt\/wp-json\/wp\/v2\/tags?post=108815"}],"curies":[{"name":"wp","href":"https:\/\/api.w.org\/{rel}","templated":true}]}}