{"id":108817,"date":"2025-10-13T10:27:10","date_gmt":"2025-10-13T10:27:10","guid":{"rendered":"https:\/\/www.europesays.com\/pt\/108817\/"},"modified":"2025-10-13T10:27:10","modified_gmt":"2025-10-13T10:27:10","slug":"secret-story-expulsa-lidia-descobre-que-pedro-jorge-e-marisa-sao-casados-e-e-assim-que-reage","status":"publish","type":"post","link":"https:\/\/www.europesays.com\/pt\/108817\/","title":{"rendered":"&#8220;Secret Story&#8221;: expulsa, L\u00eddia descobre que Pedro Jorge e Marisa s\u00e3o casados&#8230; e \u00e9 assim que reage!"},"content":{"rendered":"<p><a href=\"https:\/\/selfie.iol.pt\/famosos\/casa-dos-segredos\/secret-story-carina-e-expulsa-saiba-como-reagiu\/20250929\/68d9bfb3d34e58bc67964a5c\" target=\"_blank\" wbo-id=\"60\" rel=\"nofollow noopener\">L\u00eddia \u00e9 a expulsa deste domingo, dia 12, de &#8220;Secret Story &#8211; Casa dos Segredos&#8221;<\/a>\u00a0e, instantes depois de sair do\u00a0reality show\u00a0da\u00a0<a href=\"https:\/\/tvi.iol.pt\/\" target=\"_blank\" wbo-id=\"61\" rel=\"nofollow noopener\">TVI<\/a>, a, agora, ex-concorrente mostrou-se surpreendida ao descobrir que Pedro Jorge e Marisa s\u00e3o casados.<\/p>\n<p>&#8220;N\u00e3o pode! N\u00e3o pode! A s\u00e9rio?&#8221;, exclamou L\u00eddia, visivelmente surpreendida.<\/p>\n<p>Veja, agora,\u00a0algumas das melhores imagens de concorrentes de &#8220;Secret Story&#8221; na galeria de fotografias que prepar\u00e1mos para si.<\/p>\n","protected":false},"excerpt":{"rendered":"L\u00eddia \u00e9 a expulsa deste domingo, dia 12, de &#8220;Secret Story &#8211; Casa dos Segredos&#8221;\u00a0e, instantes depois de&hellip;\n","protected":false},"author":2,"featured_media":108818,"comment_status":"","ping_status":"","sticky":false,"template":"","format":"standard","meta":{"footnotes":""},"categories":[142],"tags":[2632,114,115,980,19044,619,32,33,1014,1315,1012,151,162],"class_list":{"0":"post-108817","1":"post","2":"type-post","3":"status-publish","4":"format-standard","5":"has-post-thumbnail","7":"category-tv","8":"tag-casa-dos-segredos","9":"tag-entertainment","10":"tag-entretenimento","11":"tag-famosos","12":"tag-lidia","13":"tag-nacional","14":"tag-portugal","15":"tag-pt","16":"tag-reality-show","17":"tag-secret-story","18":"tag-selfie","19":"tag-tv","20":"tag-tvi"},"share_on_mastodon":{"url":"","error":""},"_links":{"self":[{"href":"https:\/\/www.europesays.com\/pt\/wp-json\/wp\/v2\/posts\/108817","targetHints":{"allow":["GET"]}}],"collection":[{"href":"https:\/\/www.europesays.com\/pt\/wp-json\/wp\/v2\/posts"}],"about":[{"href":"https:\/\/www.europesays.com\/pt\/wp-json\/wp\/v2\/types\/post"}],"author":[{"embeddable":true,"href":"https:\/\/www.europesays.com\/pt\/wp-json\/wp\/v2\/users\/2"}],"replies":[{"embeddable":true,"href":"https:\/\/www.europesays.com\/pt\/wp-json\/wp\/v2\/comments?post=108817"}],"version-history":[{"count":0,"href":"https:\/\/www.europesays.com\/pt\/wp-json\/wp\/v2\/posts\/108817\/revisions"}],"wp:featuredmedia":[{"embeddable":true,"href":"https:\/\/www.europesays.com\/pt\/wp-json\/wp\/v2\/media\/108818"}],"wp:attachment":[{"href":"https:\/\/www.europesays.com\/pt\/wp-json\/wp\/v2\/media?parent=108817"}],"wp:term":[{"taxonomy":"category","embeddable":true,"href":"https:\/\/www.europesays.com\/pt\/wp-json\/wp\/v2\/categories?post=108817"},{"taxonomy":"post_tag","embeddable":true,"href":"https:\/\/www.europesays.com\/pt\/wp-json\/wp\/v2\/tags?post=108817"}],"curies":[{"name":"wp","href":"https:\/\/api.w.org\/{rel}","templated":true}]}}