{"id":108819,"date":"2025-10-13T10:28:15","date_gmt":"2025-10-13T10:28:15","guid":{"rendered":"https:\/\/www.europesays.com\/pt\/108819\/"},"modified":"2025-10-13T10:28:15","modified_gmt":"2025-10-13T10:28:15","slug":"em-here-for-it-all-mariah-carey-mostra-se-completa","status":"publish","type":"post","link":"https:\/\/www.europesays.com\/pt\/108819\/","title":{"rendered":"Em &#8220;Here for it all&#8221;, Mariah Carey mostra-se completa"},"content":{"rendered":"<p>Depois de alguns anos investidos a esmiu\u00e7ar a sua discografia em prol de v\u00e1rias reedi\u00e7\u00f5es, Mariah Carey lan\u00e7a o primeiro disco de originais desde 2018. Talvez por isso, e porque a meia-idade se presta a balan\u00e7os, &#8220;Here for it all&#8221; (edi\u00e7\u00e3o Mariah\/Gamma) \u00e9 guiado por duas correntes que se entrela\u00e7am: uma corrente retrospetiva, quase enciclop\u00e9dica, em que m\u00faltiplos est\u00edmulos sonoros que marcaram o percurso da cantora e compositora americana s\u00e3o chamados a prestar prova de vida; e uma corrente alerta, ligada ao presente do r&amp;b, que se manifesta sobretudo atrav\u00e9s do m\u00fasculo digital da produ\u00e7\u00e3o e de algumas das vozes convidadas &#8211; \u00e9 seguir para &#8220;Sugar sweet&#8221;, com Shenseea e Kehlani, aludindo ao afrobeat.<\/p>\n<p data-remotead-prev-elm=\"true\" data-remotead-elm-id=\"inread\">&#8220;Here for it all&#8221; (um t\u00edtulo que j\u00e1 remete para uma ideia de completude) consegue bater a v\u00e1rias portas em 40 minutos e 11 can\u00e7\u00f5es. \u00c9 tempo bem aproveitado, tempo inspirado, por vezes de formas familiares mas pouco comuns na hist\u00f3ria de Mariah. Exemplo: o modo como a sua voz se alinha com a de Anderson .Paak para &#8220;Play this song&#8221;, um naco de soul dispendiosa que remete para o som de Filad\u00e9lfia do in\u00edcio dos anos 1970, ali \u00e0 beira do disco. Anderson tamb\u00e9m ado\u00e7a com classicismo a rom\u00e2ntica &#8220;In your feelings&#8221;, e ajuda no funk el\u00e1stico de &#8220;I won&#8221;t allow it&#8221;.<\/p>\n<p>Para l\u00e1 disso, o \u00e1lbum cruza r&amp;b minimal com hip-hop da fronteira entre os 80 e 90 (em &#8220;Type dangerous&#8221;), n\u00e3o esquece as baladas em crescendo alimentadas a violinos (&#8220;Nothing is impossible&#8221;) e, num registo pr\u00f3ximo, empresta alguma solenidade gospel a uma revis\u00e3o justa de &#8220;My love&#8221;, de Paul McCartney com os Wings. Por falar em gospel: a fechar, o ouvinte \u00e9 aben\u00e7oado por uma sess\u00e3o de funk, corpo e alma em maravilhoso abandono, em &#8220;Jesus I do&#8221; (com The Clark Sisters); e pelo tema-t\u00edtulo, primeiro secular, depois sagrado, primeiro uma ascens\u00e3o com piano e harmonias vocais, depois um desabrochar em soul com groove acetinado.<\/p>\n<p data-remotead-prev-elm=\"true\" data-remotead-elm-id=\"centro1\">Ao longo destas viagens, Mariah Carey n\u00e3o foge \u00e0s conven\u00e7\u00f5es. N\u00e3o tem de fugir.<\/p>\n","protected":false},"excerpt":{"rendered":"Depois de alguns anos investidos a esmiu\u00e7ar a sua discografia em prol de v\u00e1rias reedi\u00e7\u00f5es, Mariah Carey lan\u00e7a&hellip;\n","protected":false},"author":2,"featured_media":108820,"comment_status":"","ping_status":"","sticky":false,"template":"","format":"standard","meta":{"footnotes":""},"categories":[141],"tags":[25938,12502,114,115,272,149,150,25937,32,33],"class_list":{"0":"post-108819","1":"post","2":"type-post","3":"status-publish","4":"format-standard","5":"has-post-thumbnail","7":"category-musica","8":"tag-a-cultura","9":"tag-cronicas","10":"tag-entertainment","11":"tag-entretenimento","12":"tag-mariah-carey","13":"tag-music","14":"tag-musica","15":"tag-noticias-magazine","16":"tag-portugal","17":"tag-pt"},"share_on_mastodon":{"url":"","error":""},"_links":{"self":[{"href":"https:\/\/www.europesays.com\/pt\/wp-json\/wp\/v2\/posts\/108819","targetHints":{"allow":["GET"]}}],"collection":[{"href":"https:\/\/www.europesays.com\/pt\/wp-json\/wp\/v2\/posts"}],"about":[{"href":"https:\/\/www.europesays.com\/pt\/wp-json\/wp\/v2\/types\/post"}],"author":[{"embeddable":true,"href":"https:\/\/www.europesays.com\/pt\/wp-json\/wp\/v2\/users\/2"}],"replies":[{"embeddable":true,"href":"https:\/\/www.europesays.com\/pt\/wp-json\/wp\/v2\/comments?post=108819"}],"version-history":[{"count":0,"href":"https:\/\/www.europesays.com\/pt\/wp-json\/wp\/v2\/posts\/108819\/revisions"}],"wp:featuredmedia":[{"embeddable":true,"href":"https:\/\/www.europesays.com\/pt\/wp-json\/wp\/v2\/media\/108820"}],"wp:attachment":[{"href":"https:\/\/www.europesays.com\/pt\/wp-json\/wp\/v2\/media?parent=108819"}],"wp:term":[{"taxonomy":"category","embeddable":true,"href":"https:\/\/www.europesays.com\/pt\/wp-json\/wp\/v2\/categories?post=108819"},{"taxonomy":"post_tag","embeddable":true,"href":"https:\/\/www.europesays.com\/pt\/wp-json\/wp\/v2\/tags?post=108819"}],"curies":[{"name":"wp","href":"https:\/\/api.w.org\/{rel}","templated":true}]}}