{"id":108825,"date":"2025-10-13T10:32:09","date_gmt":"2025-10-13T10:32:09","guid":{"rendered":"https:\/\/www.europesays.com\/pt\/108825\/"},"modified":"2025-10-13T10:32:09","modified_gmt":"2025-10-13T10:32:09","slug":"fanny-rodrigues-regressa-a-televisao-na-sic-estou-muito-feliz","status":"publish","type":"post","link":"https:\/\/www.europesays.com\/pt\/108825\/","title":{"rendered":"Fanny Rodrigues regressa \u00e0 televis\u00e3o na SIC. &#8220;Estou muito feliz&#8221;"},"content":{"rendered":"<p>Fanny Rodrigues est\u00e1 esta segunda-feira, 13 de outubro, de regresso \u00e0 televis\u00e3o. A antiga apresentadora da TVI marca hoje presen\u00e7a enquanto convidada do programa &#8216;Casa Feliz&#8217;, da SIC.\u00a0<\/p>\n<p>Ao que tudo indica, Fanny estar\u00e1 no programa matutino, apresentado por Diana Chaves e Jo\u00e3o Bai\u00e3o, para falar sobre o seu novo neg\u00f3cio, a loja de roupa online La Chapelle, e as vendas em feiras.\u00a0<\/p>\n<p>A ex-concorrente do &#8216;Secret Story&#8217; n\u00e3o estar\u00e1 sozinha neste regresso \u00e0 antena, consigo ir\u00e1 o namorado, o m\u00fasico Detchi, cujo verdadeiro nome \u00e9 Bernardo Calheiros, a m\u00e3e e o av\u00f4.\u00a0<\/p>\n<p>Atrav\u00e9s das redes sociais, Fanny Rodrigues anunciou o regresso \u00e0 televis\u00e3o depois de mais um fim de semana a vender na feira.\u00a0<\/p>\n<p>&#8220;Mais um fim-de-semana conclu\u00eddo com sucesso. Realmente, tenho de ser muito grata a Deus e a todos aqueles que me d\u00e3o amor e carinho.<\/p>\n<p>As vossas palavras, o respeito que mostram por mim e pelos meus, emociona-me sempre! Sempre!<\/p>\n<p>Amanh\u00e3, vamos estar na &#8216;Casa Feliz&#8217;. J\u00e1 li muitos coment\u00e1rios, como \u00e9 \u00f3bvio, n\u00e3o agrado a toda a gente (e ainda bem) mas ver que tanta gente me deseja sorte e que pedem o meu regresso \u00e9 do mais lindo que pode existir&#8221;, referiu, respondendo assim a quem reagiu com coment\u00e1rios negativos \u00e0 grande novidade.<\/p>\n<p>Numa outra partilha, a antiga apresentadora de &#8216;Somos Portugal&#8217; disse:<\/p>\n<p>&#8220;Amanh\u00e3 temos todos encontro marcado na SIC, no &#8216;Casa Feliz&#8217;, programa do Jo\u00e3o Bai\u00e3o e da querida Diana Chaves. Conto com todos voc\u00eas. O Bernardo vai comigo, a minha m\u00e3e estar\u00e1 presente e o cabe\u00e7a de cartaz, que \u00e9 o meu av\u00f4, tamb\u00e9m estar\u00e1 connosco&#8221;.<\/p>\n<p>Importa referir que Fanny Rodrigues encontra-se afastada da televis\u00e3o desde o fim do programa &#8216;Somos Portugal&#8217;, que apresentou na TVI at\u00e9 novembro de 2024. O formato chegou ao fim na referida data e o canal n\u00e3o deu qualquer outro projeto \u00e0 comunicadora.\u00a0<\/p>\n<p>Fanny apelou a f\u00e3s e admiradores que lhe transmitam apoio e carinho: &#8220;Estou muito feliz com este regresso, porque foi uma casa que sempre me recebeu bem a mim e aos meus, uma casa onde j\u00e1 trabalhei, j\u00e1 conheci equipas incr\u00edveis, portanto tenho a certeza que amanha n\u00e3o vai ser exce\u00e7\u00e3o e v\u00e3o tratar-me igualmente bem a mim e aos meus&#8221;.\u00a0<\/p>\n<p>Ainda na sua conta oficial de Instagram, Fanny Rodrigues mostrou as imagens que marcaram este segundo fim de semana no papel de feirante.\u00a0<\/p>\n<p>&#8220;Di\u00e1rio de uma feirante. 2 epis\u00f3dio.<br \/>Mais um fim-de-semana. Um fim-de-semana de luta!<br \/>Todas as feiras s\u00e3o diferentes. Isso j\u00e1 sabemos\u2026<\/p>\n<p>Esta acaba por ser mais exigente. N\u00e3o temos casa de banho \u00e0 disposi\u00e7\u00e3o. \u00c1gua e nem o duche de \u00e1gua fria.\u00a0<br \/>E como diz a minha m\u00e3e: a tropa manda desenrascar.<\/p>\n<p>Ao 12h00 come\u00e7a a missa. Em Honra ao S.to Ant\u00f3nio do mudo. At\u00e9 j\u00e1&#8221;, pode ler-se na legenda das imagens (veja <a href=\"https:\/\/www.instagram.com\/p\/DPuSLlPjPVcfG0MKqtCJds5ahNr4OBf1oL7UqQ0\/\" target=\"_blank\" rel=\"noopener nofollow\">aqui<\/a> o v\u00eddeo).\u00a0<\/p>\n<p>                                                    <img decoding=\"async\" src=\"https:\/\/www.europesays.com\/pt\/wp-content\/uploads\/2025\/10\/1760351529_471_naom_68e69cb5675cc.jpg\" border=\"0\" alt=\"Mais uma feira! Fanny Rodrigues j\u00e1 tem nova data para fazer neg\u00f3cio\"\/><\/p>\n<p>Fanny Rodrigues j\u00e1 anunciou aos seguidores o novo local e data da feira onde ir\u00e1 participar com a sua nova marca, a La Chapelle. A empres\u00e1ria vai marcar presen\u00e7a nas festas de Santo Ant\u00f3nio do Mudo, em Forca, Aveiro, j\u00e1 no pr\u00f3ximo fim de semana.<\/p>\n<p>                                                     Not\u00edcias ao Minuto | 18:37 &#8211; 08\/10\/2025 <\/p>\n<p>                                            <script async src=\"\/\/www.instagram.com\/embed.js\"><\/script><\/p>\n","protected":false},"excerpt":{"rendered":"Fanny Rodrigues est\u00e1 esta segunda-feira, 13 de outubro, de regresso \u00e0 televis\u00e3o. A antiga apresentadora da TVI marca&hellip;\n","protected":false},"author":2,"featured_media":108826,"comment_status":"","ping_status":"","sticky":false,"template":"","format":"standard","meta":{"footnotes":""},"categories":[85],"tags":[114,115,32,33],"class_list":{"0":"post-108825","1":"post","2":"type-post","3":"status-publish","4":"format-standard","5":"has-post-thumbnail","7":"category-entretenimento","8":"tag-entertainment","9":"tag-entretenimento","10":"tag-portugal","11":"tag-pt"},"share_on_mastodon":{"url":"","error":""},"_links":{"self":[{"href":"https:\/\/www.europesays.com\/pt\/wp-json\/wp\/v2\/posts\/108825","targetHints":{"allow":["GET"]}}],"collection":[{"href":"https:\/\/www.europesays.com\/pt\/wp-json\/wp\/v2\/posts"}],"about":[{"href":"https:\/\/www.europesays.com\/pt\/wp-json\/wp\/v2\/types\/post"}],"author":[{"embeddable":true,"href":"https:\/\/www.europesays.com\/pt\/wp-json\/wp\/v2\/users\/2"}],"replies":[{"embeddable":true,"href":"https:\/\/www.europesays.com\/pt\/wp-json\/wp\/v2\/comments?post=108825"}],"version-history":[{"count":0,"href":"https:\/\/www.europesays.com\/pt\/wp-json\/wp\/v2\/posts\/108825\/revisions"}],"wp:featuredmedia":[{"embeddable":true,"href":"https:\/\/www.europesays.com\/pt\/wp-json\/wp\/v2\/media\/108826"}],"wp:attachment":[{"href":"https:\/\/www.europesays.com\/pt\/wp-json\/wp\/v2\/media?parent=108825"}],"wp:term":[{"taxonomy":"category","embeddable":true,"href":"https:\/\/www.europesays.com\/pt\/wp-json\/wp\/v2\/categories?post=108825"},{"taxonomy":"post_tag","embeddable":true,"href":"https:\/\/www.europesays.com\/pt\/wp-json\/wp\/v2\/tags?post=108825"}],"curies":[{"name":"wp","href":"https:\/\/api.w.org\/{rel}","templated":true}]}}