{"id":108827,"date":"2025-10-13T10:33:15","date_gmt":"2025-10-13T10:33:15","guid":{"rendered":"https:\/\/www.europesays.com\/pt\/108827\/"},"modified":"2025-10-13T10:33:15","modified_gmt":"2025-10-13T10:33:15","slug":"nintendo-confirma-horario-de-lancamento-de-pokemon-legends-z-a","status":"publish","type":"post","link":"https:\/\/www.europesays.com\/pt\/108827\/","title":{"rendered":"Nintendo confirma hor\u00e1rio de lan\u00e7amento de Pok\u00e9mon Legends: Z-A"},"content":{"rendered":"<p>Pok\u00e9mon Legends: Z-A, a nova entrada na saga Legends, chega esta semana, e n\u00f3s temos todos os detalhes de que precisas para te preparares para o regresso \u00e0 regi\u00e3o de Kalos e ao mundo das Mega Evolu\u00e7\u00f5es. O jogo \u00e9 lan\u00e7ado oficialmente na pr\u00f3xima quinta-feira, 16 de outubro.<\/p>\n<p>Relacionado<a href=\"https:\/\/pt.ign.com\/pokemon-legends-z-a\/150823\/video\/pokemon-legends-z-a-trailer-oficial-das-novas-mega-evolucoes\" class=\"recirc_odd\" rel=\"nofollow noopener\" target=\"_blank\"><img decoding=\"async\" class=\"image\" src=\"https:\/\/www.europesays.com\/pt\/wp-content\/uploads\/2025\/10\/pokemon-legends-z-a-official-new-mega-evolutions-trailer_dwhv.640.jpg\" alt=\"Pok\u00e9mon Legends: Z-A \u2013 Trailer Oficial das Novas Mega Evolu\u00e7\u00f5es\"\/>Pok\u00e9mon Legends: Z-A \u2013 Trailer Oficial das Novas Mega Evolu\u00e7\u00f5es<\/a><\/p>\n<p>Como \u00e9 habitual nos grandes lan\u00e7amentos da Nintendo, a hora de desbloqueio \u00e9 \u00e0 meia-noite local. Em Portugal Continental, o jogo fica oficialmente dispon\u00edvel <strong>\u00e0 meia-noite de quinta-feira, 16 de outubro <\/strong>(ou seja, assim que o rel\u00f3gio passar das 23:59 de quarta-feira).<\/p>\n<p>Se j\u00e1 fizeste a pr\u00e9-reserva digital na Nintendo eShop, o preload j\u00e1 est\u00e1 dispon\u00edvel, por isso j\u00e1 podes come\u00e7ar a descarregar o jogo para estares pronto \u00e0 meia-noite. Prepara o teu armazenamento:<\/p>\n<ul>\n<li>Nintendo Switch: 4.1GB<\/li>\n<li>Nintendo Switch 2: 7.7GB<\/li>\n<\/ul>\n<p>Relembramos os pre\u00e7os e as edi\u00e7\u00f5es: o jogo custa 59,99\u20ac na Switch original e 69,99\u20ac na Switch 2. Se comprares a vers\u00e3o da Switch original agora, poder\u00e1s mais tarde adquirir um &#8220;Pack de Upgrade para a Switch 2&#8221; por 9,99\u20ac.<\/p>\n<p>Pedro Pestana \u00e9 viciado em gaming, caf\u00e9 e voleibol, sensivelmente nesta ordem. Podem encontrar alguns dos seus devaneios no <a href=\"https:\/\/www.threads.net\/@pmnpestana\" rel=\"noopener nofollow\" target=\"_blank\">Threads<\/a> ou <a href=\"https:\/\/bsky.app\/profile\/pmnpestana.bsky.social\" rel=\"noopener nofollow\" target=\"_blank\">Bluesky.<\/a><\/p>\n","protected":false},"excerpt":{"rendered":"Pok\u00e9mon Legends: Z-A, a nova entrada na saga Legends, chega esta semana, e n\u00f3s temos todos os detalhes&hellip;\n","protected":false},"author":2,"featured_media":108828,"comment_status":"","ping_status":"","sticky":false,"template":"","format":"standard","meta":{"footnotes":""},"categories":[84],"tags":[109,107,108,32,33,105,103,104,106,110],"class_list":{"0":"post-108827","1":"post","2":"type-post","3":"status-publish","4":"format-standard","5":"has-post-thumbnail","7":"category-ciencia-e-tecnologia","8":"tag-ciencia","9":"tag-ciencia-e-tecnologia","10":"tag-cienciaetecnologia","11":"tag-portugal","12":"tag-pt","13":"tag-science","14":"tag-science-and-technology","15":"tag-scienceandtechnology","16":"tag-technology","17":"tag-tecnologia"},"share_on_mastodon":{"url":"","error":""},"_links":{"self":[{"href":"https:\/\/www.europesays.com\/pt\/wp-json\/wp\/v2\/posts\/108827","targetHints":{"allow":["GET"]}}],"collection":[{"href":"https:\/\/www.europesays.com\/pt\/wp-json\/wp\/v2\/posts"}],"about":[{"href":"https:\/\/www.europesays.com\/pt\/wp-json\/wp\/v2\/types\/post"}],"author":[{"embeddable":true,"href":"https:\/\/www.europesays.com\/pt\/wp-json\/wp\/v2\/users\/2"}],"replies":[{"embeddable":true,"href":"https:\/\/www.europesays.com\/pt\/wp-json\/wp\/v2\/comments?post=108827"}],"version-history":[{"count":0,"href":"https:\/\/www.europesays.com\/pt\/wp-json\/wp\/v2\/posts\/108827\/revisions"}],"wp:featuredmedia":[{"embeddable":true,"href":"https:\/\/www.europesays.com\/pt\/wp-json\/wp\/v2\/media\/108828"}],"wp:attachment":[{"href":"https:\/\/www.europesays.com\/pt\/wp-json\/wp\/v2\/media?parent=108827"}],"wp:term":[{"taxonomy":"category","embeddable":true,"href":"https:\/\/www.europesays.com\/pt\/wp-json\/wp\/v2\/categories?post=108827"},{"taxonomy":"post_tag","embeddable":true,"href":"https:\/\/www.europesays.com\/pt\/wp-json\/wp\/v2\/tags?post=108827"}],"curies":[{"name":"wp","href":"https:\/\/api.w.org\/{rel}","templated":true}]}}