{"id":108829,"date":"2025-10-13T10:34:11","date_gmt":"2025-10-13T10:34:11","guid":{"rendered":"https:\/\/www.europesays.com\/pt\/108829\/"},"modified":"2025-10-13T10:34:11","modified_gmt":"2025-10-13T10:34:11","slug":"seguranca-social-tem-mais-de-60-apoios-disponiveis-e-ha-um-simulador-que-lhe-diz-se-tem-direito-human-resources","status":"publish","type":"post","link":"https:\/\/www.europesays.com\/pt\/108829\/","title":{"rendered":"Seguran\u00e7a Social tem mais de 60 apoios dispon\u00edveis. E h\u00e1 um simulador que lhe diz se tem direito \u2013 Human Resources"},"content":{"rendered":"\n<p>Seguran\u00e7a Social tem mais de 60 apoios dispon\u00edveis. E h\u00e1 um simulador que lhe diz se tem direito \u2013 Human Resources<\/p>\n<ul class=\"bf-breadcrumb-items\" itemscope=\"\" itemtype=\"http:\/\/schema.org\/BreadcrumbList\">\n<li itemprop=\"itemListElement\" itemscope=\"\" itemtype=\"http:\/\/schema.org\/ListItem\" class=\"bf-breadcrumb-item bf-breadcrumb-begin\"><a itemprop=\"item\" href=\"https:\/\/hrportugal.sapo.pt\" rel=\"home nofollow noopener\" target=\"_blank\">Home<\/a><\/li>\n<li itemprop=\"itemListElement\" itemscope=\"\" itemtype=\"http:\/\/schema.org\/ListItem\" class=\"bf-breadcrumb-item\"><a itemprop=\"item\" href=\"https:\/\/hrportugal.sapo.pt\/categoria\/linkedin\/\" rel=\"nofollow noopener\" target=\"_blank\">Linkedin<\/a><\/li>\n<li itemprop=\"itemListElement\" itemscope=\"\" itemtype=\"http:\/\/schema.org\/ListItem\" class=\"bf-breadcrumb-item bf-breadcrumb-end\">Seguran\u00e7a Social tem mais de 60 apoios dispon\u00edveis. E h\u00e1 um simulador que lhe diz se tem direito<\/li>\n<\/ul>\n","protected":false},"excerpt":{"rendered":"Seguran\u00e7a Social tem mais de 60 apoios dispon\u00edveis. E h\u00e1 um simulador que lhe diz se tem direito&hellip;\n","protected":false},"author":2,"featured_media":108830,"comment_status":"","ping_status":"","sticky":false,"template":"","format":"standard","meta":{"footnotes":""},"categories":[83],"tags":[88,89,90,619,32,33,915],"class_list":{"0":"post-108829","1":"post","2":"type-post","3":"status-publish","4":"format-standard","5":"has-post-thumbnail","7":"category-empresas","8":"tag-business","9":"tag-economy","10":"tag-empresas","11":"tag-nacional","12":"tag-portugal","13":"tag-pt","14":"tag-seguranca-social"},"share_on_mastodon":{"url":"","error":""},"_links":{"self":[{"href":"https:\/\/www.europesays.com\/pt\/wp-json\/wp\/v2\/posts\/108829","targetHints":{"allow":["GET"]}}],"collection":[{"href":"https:\/\/www.europesays.com\/pt\/wp-json\/wp\/v2\/posts"}],"about":[{"href":"https:\/\/www.europesays.com\/pt\/wp-json\/wp\/v2\/types\/post"}],"author":[{"embeddable":true,"href":"https:\/\/www.europesays.com\/pt\/wp-json\/wp\/v2\/users\/2"}],"replies":[{"embeddable":true,"href":"https:\/\/www.europesays.com\/pt\/wp-json\/wp\/v2\/comments?post=108829"}],"version-history":[{"count":0,"href":"https:\/\/www.europesays.com\/pt\/wp-json\/wp\/v2\/posts\/108829\/revisions"}],"wp:featuredmedia":[{"embeddable":true,"href":"https:\/\/www.europesays.com\/pt\/wp-json\/wp\/v2\/media\/108830"}],"wp:attachment":[{"href":"https:\/\/www.europesays.com\/pt\/wp-json\/wp\/v2\/media?parent=108829"}],"wp:term":[{"taxonomy":"category","embeddable":true,"href":"https:\/\/www.europesays.com\/pt\/wp-json\/wp\/v2\/categories?post=108829"},{"taxonomy":"post_tag","embeddable":true,"href":"https:\/\/www.europesays.com\/pt\/wp-json\/wp\/v2\/tags?post=108829"}],"curies":[{"name":"wp","href":"https:\/\/api.w.org\/{rel}","templated":true}]}}