{"id":108831,"date":"2025-10-13T10:38:15","date_gmt":"2025-10-13T10:38:15","guid":{"rendered":"https:\/\/www.europesays.com\/pt\/108831\/"},"modified":"2025-10-13T10:38:15","modified_gmt":"2025-10-13T10:38:15","slug":"casado-caco-ciocler-revela-experiencia-com-relacao-aberta-acho-bonito","status":"publish","type":"post","link":"https:\/\/www.europesays.com\/pt\/108831\/","title":{"rendered":"Casado, Caco Ciocler revela experi\u00eancia com rela\u00e7\u00e3o aberta: \u201cAcho bonito\u201d"},"content":{"rendered":"<p><strong>Caco Ciocler<\/strong>,<strong> atualmente no ar na novela Vale Tudo<\/strong>, no papel de Est\u00e9ban,<strong> abriu o cora\u00e7\u00e3o sobre a vida pessoal, e deu detalhes sobre seu casamento com a psicoterapeuta Paula Cesari<\/strong>, de quem oficializou a uni\u00e3o h\u00e1 mais de um ano.<\/p>\n<p>Em entrevista ao portal <a href=\"https:\/\/gshow.globo.com\/cultura-pop\/famosos\/noticia\/caco-ciocler-se-declara-a-esposa-e-defende-relacao-monogamica-e-mais-forte.ghtml\" target=\"_blank\" rel=\"noopener nofollow\" title=\"\">Gshow<\/a>, <strong>o gal\u00e3 chamou aten\u00e7\u00e3o ao ter confessado que j\u00e1 tentou viver a experi\u00eancia de ter uma rela\u00e7\u00e3o n\u00e3o-monogamica<\/strong>, mas sem sucesso, e explicou sua percep\u00e7\u00e3o acerca do assunto.<\/p>\n<p>\u201cJ\u00e1 vivi uma tentativa, mas nunca deu certo. Sempre acho que a rela\u00e7\u00e3o aberta \u00e9 uma desculpa para n\u00e3o terminar ou para terminar devagar, entende?\u201d, declarou Caco Ciocler. Com rela\u00e7\u00e3o ao atual casamento, o ator de Vale Tudo descartou a possibilidade, mas ressaltou.<\/p>\n<p>\u201cAcho bonito\u201d<\/p>\n<p>\u201cCom a Paula, acho que n\u00e3o. Nunca posso dizer jamais, n\u00e9? A gente n\u00e3o sabe. Mas, at\u00e9 ent\u00e3o, isso nem entra em quest\u00e3o. Acho bonito essa coisa de abdicar, sabe? As pessoas est\u00e3o querendo tudo ao mesmo tempo, n\u00e3o querem deixar de ter nada\u201d, disse o artista, que n\u00e3o poupou elogios \u00e0 Paula Cesari.<\/p>\n<p>\u201cA Paula \u00e9 uma pessoa que me d\u00e1 uma absoluta seguran\u00e7a, que est\u00e1 interessada em construir um projeto de vida comigo. Isso anima a minha vontade de estar interessado tamb\u00e9m em construir um projeto de vida com ela\u201d, derreteu-se Caco Ciocler.<\/p>\n<p><strong>VEJA MAIS:<\/strong> <a href=\"https:\/\/observatoriodosfamosos.com.br\/colunas\/em-off\/vaza-video-intimo-do-ator-caco-ciocler\" target=\"_blank\" rel=\"noopener nofollow\" title=\"\">Vaza v\u00eddeo \u00edntimo do ator Caco Ciocler<\/a><\/p>\n<p>O post <a href=\"https:\/\/observatoriodosfamosos.com.br\/noticias\/casado-caco-ciocler-revela-experiencia-com-relacao-aberta-acho-bonito\" rel=\"nofollow noopener\" target=\"_blank\">Casado, Caco Ciocler revela experi\u00eancia com rela\u00e7\u00e3o aberta: \u201cAcho bonito\u201d<\/a> foi publicado primeiro em <a href=\"https:\/\/observatoriodosfamosos.com.br\" rel=\"nofollow noopener\" target=\"_blank\">Observat\u00f3rio dos Famosos<\/a>.<\/p>\n","protected":false},"excerpt":{"rendered":"Caco Ciocler, atualmente no ar na novela Vale Tudo, no papel de Est\u00e9ban, abriu o cora\u00e7\u00e3o sobre a&hellip;\n","protected":false},"author":2,"featured_media":108832,"comment_status":"","ping_status":"","sticky":false,"template":"","format":"standard","meta":{"footnotes":""},"categories":[145],"tags":[211,210,114,115,32,33],"class_list":{"0":"post-108831","1":"post","2":"type-post","3":"status-publish","4":"format-standard","5":"has-post-thumbnail","7":"category-celebridades","8":"tag-celebridades","9":"tag-celebrities","10":"tag-entertainment","11":"tag-entretenimento","12":"tag-portugal","13":"tag-pt"},"share_on_mastodon":{"url":"","error":""},"_links":{"self":[{"href":"https:\/\/www.europesays.com\/pt\/wp-json\/wp\/v2\/posts\/108831","targetHints":{"allow":["GET"]}}],"collection":[{"href":"https:\/\/www.europesays.com\/pt\/wp-json\/wp\/v2\/posts"}],"about":[{"href":"https:\/\/www.europesays.com\/pt\/wp-json\/wp\/v2\/types\/post"}],"author":[{"embeddable":true,"href":"https:\/\/www.europesays.com\/pt\/wp-json\/wp\/v2\/users\/2"}],"replies":[{"embeddable":true,"href":"https:\/\/www.europesays.com\/pt\/wp-json\/wp\/v2\/comments?post=108831"}],"version-history":[{"count":0,"href":"https:\/\/www.europesays.com\/pt\/wp-json\/wp\/v2\/posts\/108831\/revisions"}],"wp:featuredmedia":[{"embeddable":true,"href":"https:\/\/www.europesays.com\/pt\/wp-json\/wp\/v2\/media\/108832"}],"wp:attachment":[{"href":"https:\/\/www.europesays.com\/pt\/wp-json\/wp\/v2\/media?parent=108831"}],"wp:term":[{"taxonomy":"category","embeddable":true,"href":"https:\/\/www.europesays.com\/pt\/wp-json\/wp\/v2\/categories?post=108831"},{"taxonomy":"post_tag","embeddable":true,"href":"https:\/\/www.europesays.com\/pt\/wp-json\/wp\/v2\/tags?post=108831"}],"curies":[{"name":"wp","href":"https:\/\/api.w.org\/{rel}","templated":true}]}}