{"id":108833,"date":"2025-10-13T10:40:07","date_gmt":"2025-10-13T10:40:07","guid":{"rendered":"https:\/\/www.europesays.com\/pt\/108833\/"},"modified":"2025-10-13T10:40:07","modified_gmt":"2025-10-13T10:40:07","slug":"bh-recebe-o-lancamento-de-nao-sei-se-e-bom-mas-e-teu-de-maria-ribeiro","status":"publish","type":"post","link":"https:\/\/www.europesays.com\/pt\/108833\/","title":{"rendered":"BH recebe o lan\u00e7amento de &#8216;N\u00e3o sei se \u00e9 bom, mas \u00e9 teu&#8217;, de Maria Ribeiro"},"content":{"rendered":"<p class=\"texto\">Maria Ribeiro se lembra com clareza de ser vizinha de porta de<strong><a href=\"https:\/\/www.em.com.br\/app\/noticia\/pensar\/2022\/10\/14\/interna_pensar,1406875\/otto-lara-resende-e-paulo-mendes-campos-as-sagas-de-dois-cavaleiros.shtml\" target=\"_blank\" rel=\"nofollow noopener\"> Otto Lara Resende<\/a><\/strong> (1922-1992) na inf\u00e2ncia. Eles moravam na Rua Joaquim Campos Porto, no bairro carioca Jardim Bot\u00e2nico.<\/p>\n<p class=\"texto\">\u201cInclusive, quando o &#8216;Jornal do Brasil&#8217; noticiou que o Otto tinha sido eleito para a Academia Brasileira de Letras, deram uma foto em que ele est\u00e1 com meu tio. Os dois voltavam de uma partida de t\u00eanis\u201d, conta a atriz, documentarista e escritora.<\/p>\n<p class=\"texto\">Ter Otto Lara Resende morando \u00e0 porta ao lado era, no m\u00ednimo, inusitado. Com menos de 10 anos, Maria j\u00e1 vinha lendo cr\u00f4nicas do mineiro na escola, por meio da cole\u00e7\u00e3o \u201cPara gostar de ler\u201d.<\/p>\n<p class=\"texto\">\u201cEnt\u00e3o, era extraordin\u00e1rio poder estar ao lado de um autor que todos na escola tinham lido. Era como se eu o conhecesse de outra forma\u201d, lembra ela.<\/p>\n<p class=\"texto\">O autor de \u201cAs pompas do mundo\u201d foi, provavelmente, a primeira refer\u00eancia para Maria no g\u00eanero que ela vem cultivando h\u00e1 10 anos, publicando ininterruptamente em jornais e sites de not\u00edcias. Parte dessa produ\u00e7\u00e3o, escrita a partir de 2018, est\u00e1 em \u201cN\u00e3o sei se \u00e9 bom, mas \u00e9 teu\u201d (Record), que ela lan\u00e7a agora pela editora Record.<\/p>\n<p>Lan\u00e7amento em BH<\/p>\n<p class=\"texto\">A autora estar\u00e1 na capital mineira na pr\u00f3xima quarta-feira (15\/10) para lan\u00e7ar o livro no Sempre um Papo. A conversa com Maria Ribeiro ser\u00e1 no teatro da Biblioteca P\u00fablica de Minas Gerais (Pra\u00e7a da Liberdade, 21, Funcion\u00e1rios), \u00e0s 19h30, com entrada franca.<\/p>\n<p class=\"texto\">O t\u00edtulo, sugestivo, vem de uma fala escrita por Domingos Oliveira para o filme \u201cTodas as mulheres do mundo\u201d (1966) e dita por Paulo Jos\u00e9, protagonista do longa. \u00c9 uma frase que dialoga com o Brasil dos \u00faltimos sete anos: a ascens\u00e3o da extrema direita com discursos de \u00f3dio, o assassinato de uma vereadora que lutava contra as mil\u00edcias no Rio de Janeiro e uma pandemia que se estendeu por quase tr\u00eas anos, levando todos ao confinamento. \u201cN\u00e3o sei se \u00e9 bom, mas \u00e9 teu\u201d, portanto, \u00e9 um retrato do Brasil recente.<\/p>\n<p class=\"texto\">Em aproximadamente 70 textos, distribu\u00eddos ao longo de 176 p\u00e1ginas, Maria escreve sobre maternidade, feminismo, envelhecimento, mem\u00f3rias afetivas, pol\u00edtica, racismo, futebol, relacionamentos, dramas existenciais e cultura pop \u2013 Anitta e Caetano Veloso, ali\u00e1s, assinam o pref\u00e1cio e o posf\u00e1cio do livro, respectivamente. Todo esse material j\u00e1 foi publicado na Veja Rio, Gama e UOL.<\/p>\n<p>Linguagem acess\u00edvel<\/p>\n<p class=\"texto\">\u201cN\u00e3o foi f\u00e1cil revisitar esses sete anos\u201d, comenta a autora. \u201cForam muitos acontecimentos traum\u00e1ticos e que me impactaram muito, como as mortes da Marielle, Fernanda Young, Rita Lee e Paulo Gustavo\u201d, lembra.<\/p>\n<p class=\"texto\">Em linguagem acess\u00edvel e coloquial \u2013 Maria, por exemplo, sempre se refere \u00e0s mulheres como \u201cminas\u201d \u2013, as cr\u00f4nicas de \u201cN\u00e3o sei se \u00e9 bom, mas \u00e9 teu\u201d partem quase sempre de detalhes muito singelos do cotidiano para propor reflex\u00f5es mais amplas.<\/p>\n<p class=\"texto\">\u00c9 o caso de \u201cVoltar ao in\u00edcio\u201d, em que a simples mensagem \u201cDeseja recome\u00e7ar de onde parou?\u201d de uma plataforma de streaming, referindo-se \u00e0 continua\u00e7\u00e3o de um filme pausado, d\u00e1 a Maria impulso para repensar a pr\u00f3pria vida e questionar se seria melhor continuar de onde parou ou recome\u00e7ar do zero.<\/p>\n<p class=\"texto\">H\u00e1 tamb\u00e9m tiradas bem-humoradas, como em \u201cA mulher do Capit\u00e3o Nascimento\u201d. Referindo-se ao trabalho que fez em \u201cTropa de elite\u201d (2007), Maria conta que, repetidamente, \u00e9 abordada na rua por homens perguntando se foi ela quem interpretou a esposa do Capit\u00e3o Nascimento (papel de Wagner Moura).<\/p>\n<p>Casal de &#8220;Tropa de elite&#8221;<\/p>\n<p class=\"texto\">Diante da resposta afirmativa, escuta, em tom de gracejo: \u201cQuem manda nessa casa aqui sou eu!\u201d ou \u201cN\u00e3o abre a boca para falar do meu batalh\u00e3o!\u201d, falas marcantes do personagem de Wagner Moura. Maria n\u00e3o se incomoda, mas adverte: \u201cN\u00e3o sei se os homens que me abordam na rua, envaidecidos, reproduzindo tal \u2018bronca\u2019, lembram-se do desfecho do casal. Ela vai embora e, no filme seguinte, aparece casada com outro\u201d.<\/p>\n<p class=\"texto\">Ela tamb\u00e9m aborda quest\u00f5es mais \u00edntimas, ainda tratadas como tabu. Em \u201cMenopausa mesmo\u201d, revela sua experi\u00eancia com essa fase da vida; em \u201cEu sou escritora\u201d, diz que assumiu a profiss\u00e3o que desejava desde a inf\u00e2ncia \u2013 durante um assalto, pediu que os bandidos n\u00e3o levassem o computador, porque era nele que estavam seus textos. J\u00e1 em \u201cAs cinzas de meu pai\u201d volta o pensamento para o pai morto h\u00e1 alguns anos e a m\u00e3e que corria risco de vida no hospital.<\/p>\n<p class=\"texto\">Por fim, h\u00e1 temas espinhosos, embora necess\u00e1rios. \u00c9 o caso do racismo sofrido por Vini Jr. na Espanha, em 2023 por parte da torcida do Atl\u00e9tico de Madri. Ou nos textos em que se posiciona contra o negacionismo do ent\u00e3o presidente Jair Bolsonaro durante a pandemia do novo coronav\u00edrus, que levou \u00e0 morte mais de 700 mil brasileiros.<\/p>\n<p class=\"texto\">\u201cDesenvolver o olhar para o cotidiano \u00e9 fundamental para o cronista\u201d, ela diz. \u201cContudo, mais importante ainda \u00e9 ter coragem para se abrir. Eu, assim como muitas outras brasileiras, cresci em um ambiente onde as mulheres eram muito oprimidas, havia uma s\u00e9rie de limita\u00e7\u00f5es. Sempre fui observando e elaborando isso, a ponto de conseguir me abrir para falar tudo\u201d, diz.<\/p>\n","protected":false},"excerpt":{"rendered":"Maria Ribeiro se lembra com clareza de ser vizinha de porta de Otto Lara Resende (1922-1992) na inf\u00e2ncia.&hellip;\n","protected":false},"author":2,"featured_media":108834,"comment_status":"","ping_status":"","sticky":false,"template":"","format":"standard","meta":{"footnotes":""},"categories":[143],"tags":[6846,14876,169,114,115,271,864,237,170,32,33],"class_list":{"0":"post-108833","1":"post","2":"type-post","3":"status-publish","4":"format-standard","5":"has-post-thumbnail","7":"category-livros","8":"tag-belo-horizonte","9":"tag-bh","10":"tag-books","11":"tag-entertainment","12":"tag-entretenimento","13":"tag-lancamento","14":"tag-literatura","15":"tag-livro","16":"tag-livros","17":"tag-portugal","18":"tag-pt"},"share_on_mastodon":{"url":"","error":""},"_links":{"self":[{"href":"https:\/\/www.europesays.com\/pt\/wp-json\/wp\/v2\/posts\/108833","targetHints":{"allow":["GET"]}}],"collection":[{"href":"https:\/\/www.europesays.com\/pt\/wp-json\/wp\/v2\/posts"}],"about":[{"href":"https:\/\/www.europesays.com\/pt\/wp-json\/wp\/v2\/types\/post"}],"author":[{"embeddable":true,"href":"https:\/\/www.europesays.com\/pt\/wp-json\/wp\/v2\/users\/2"}],"replies":[{"embeddable":true,"href":"https:\/\/www.europesays.com\/pt\/wp-json\/wp\/v2\/comments?post=108833"}],"version-history":[{"count":0,"href":"https:\/\/www.europesays.com\/pt\/wp-json\/wp\/v2\/posts\/108833\/revisions"}],"wp:featuredmedia":[{"embeddable":true,"href":"https:\/\/www.europesays.com\/pt\/wp-json\/wp\/v2\/media\/108834"}],"wp:attachment":[{"href":"https:\/\/www.europesays.com\/pt\/wp-json\/wp\/v2\/media?parent=108833"}],"wp:term":[{"taxonomy":"category","embeddable":true,"href":"https:\/\/www.europesays.com\/pt\/wp-json\/wp\/v2\/categories?post=108833"},{"taxonomy":"post_tag","embeddable":true,"href":"https:\/\/www.europesays.com\/pt\/wp-json\/wp\/v2\/tags?post=108833"}],"curies":[{"name":"wp","href":"https:\/\/api.w.org\/{rel}","templated":true}]}}