{"id":108837,"date":"2025-10-13T10:42:08","date_gmt":"2025-10-13T10:42:08","guid":{"rendered":"https:\/\/www.europesays.com\/pt\/108837\/"},"modified":"2025-10-13T10:42:08","modified_gmt":"2025-10-13T10:42:08","slug":"mesmo-com-novo-album-taylor-swift-nao-pode-disputar-o-grammy-pela-1a-vez-desde-os-17-anos-entenda","status":"publish","type":"post","link":"https:\/\/www.europesays.com\/pt\/108837\/","title":{"rendered":"Mesmo com novo \u00e1lbum, Taylor Swift n\u00e3o pode disputar o Grammy pela 1\u00aa vez desde os 17 anos; entenda"},"content":{"rendered":"\n<p class=\" content-text__container theme-color-primary-first-letter\" data-track-category=\"Link no Texto\" data-track-links=\"\"> No \u00faltimo dia 3, a cantora americana <a class=\"\" href=\"https:\/\/oglobo.globo.com\/tudo-sobre\/personalidade\/taylor-swift\/\" rel=\"nofollow noopener\" target=\"_blank\">Taylor Swift<\/a>, de 35 anos, lan\u00e7ou seu 12\u00ba \u00e1lbum de est\u00fadio, o \u201cThe Life of a Showgirl\u201d. O conjunto de 12 m\u00fasicas in\u00e9ditas tem batido recordes, como o de mais vendas na primeira semana com 3,5 milh\u00f5es de unidades apenas nos Estados Unidos. Ainda assim, pela primeira vez desde seus 17 anos, a artista n\u00e3o poder\u00e1 disputar nenhuma categoria do Grammy de 2026. <\/p>\n<p class=\" content-text__container \" data-track-category=\"Link no Texto\" data-track-links=\"\"> Isso porque o prazo para submiss\u00e3o de trabalhos \u00e0 edi\u00e7\u00e3o do ano que vem da maior premia\u00e7\u00e3o da m\u00fasica terminou no dia 30 de agosto de 2025, mais de um m\u00eas antes do lan\u00e7amento de Taylor. Como a cantora tamb\u00e9m n\u00e3o lan\u00e7ou outras obras dentro do per\u00edodo eleg\u00edvel, que come\u00e7ou em 31 de agosto de 2024, ela n\u00e3o poder\u00e1 buscar nenhuma indica\u00e7\u00e3o do Grammy. <\/p>\n<p class=\" content-text__container \" data-track-category=\"Link no Texto\" data-track-links=\"\"> Segundo a Billboard, essa \u00e9 a primeira vez que isso acontece com a cantora, um dos maiores nomes musicais da atualidade, desde que ela tinha 17 anos, em 2007. Na cerim\u00f4nia daquele ano, Taylor j\u00e1 podia inscrever seu primeiro sucesso, \u201cTim McGraw\u201d, mas decidiu n\u00e3o tentar a indica\u00e7\u00e3o. <\/p>\n<p class=\" content-text__container \" data-track-category=\"Link no Texto\" data-track-links=\"\"> No ano seguinte, com 18 anos, a cantora submeteu seu \u00e1lbum de estreia, \u201cTaylor Swift\u201d, embora ele n\u00e3o tenha sido indicado para nenhuma categoria. Ainda assim, ela foi nomeada para disputar o pr\u00eamio de \u201cMelhor Artista Revela\u00e7\u00e3o\u201d, que perdeu para Amy Winehouse. <\/p>\n<p class=\" content-text__container \" data-track-category=\"Link no Texto\" data-track-links=\"\"> Desde ent\u00e3o, com seus 12 \u00e1lbuns, as regrava\u00e7\u00f5es de trabalhos antigos e produ\u00e7\u00f5es paralelas, a cantora foi indicada 58 vezes e ganhou 14 pr\u00eamios Grammy \u2013 entre eles quatro de \u201cMelhor \u00c1lbum do Ano\u201d, a pessoa que mais coleciona trof\u00e9us nessa que \u00e9 a categoria mais importante da premia\u00e7\u00e3o. <\/p>\n<p class=\" content-text__container \" data-track-category=\"Link no Texto\" data-track-links=\"\"> Todos os seus 10 \u00e1lbuns de est\u00fadios depois do \u201cTaylor Swift\u201d foram ao menos nomeados para alguma categoria. O &#8220;The Life of a Showgirl&#8221; poder\u00e1 ser submetido para \u00e0 premia\u00e7\u00e3o de 2027. De acordo com a Billboard, as \u00fanicas edi\u00e7\u00f5es em que Taylor n\u00e3o recebeu uma indica\u00e7\u00e3o foram 2009, 2011 e 2017, embora ela tenha submetido trabalhos em todos os tr\u00eas anos. <\/p>\n","protected":false},"excerpt":{"rendered":"No \u00faltimo dia 3, a cantora americana Taylor Swift, de 35 anos, lan\u00e7ou seu 12\u00ba \u00e1lbum de est\u00fadio,&hellip;\n","protected":false},"author":2,"featured_media":108838,"comment_status":"","ping_status":"","sticky":false,"template":"","format":"standard","meta":{"footnotes":""},"categories":[141],"tags":[114,115,319,149,150,32,33,1973],"class_list":{"0":"post-108837","1":"post","2":"type-post","3":"status-publish","4":"format-standard","5":"has-post-thumbnail","7":"category-musica","8":"tag-entertainment","9":"tag-entretenimento","10":"tag-hard-news","11":"tag-music","12":"tag-musica","13":"tag-portugal","14":"tag-pt","15":"tag-taylor-swift"},"share_on_mastodon":{"url":"","error":""},"_links":{"self":[{"href":"https:\/\/www.europesays.com\/pt\/wp-json\/wp\/v2\/posts\/108837","targetHints":{"allow":["GET"]}}],"collection":[{"href":"https:\/\/www.europesays.com\/pt\/wp-json\/wp\/v2\/posts"}],"about":[{"href":"https:\/\/www.europesays.com\/pt\/wp-json\/wp\/v2\/types\/post"}],"author":[{"embeddable":true,"href":"https:\/\/www.europesays.com\/pt\/wp-json\/wp\/v2\/users\/2"}],"replies":[{"embeddable":true,"href":"https:\/\/www.europesays.com\/pt\/wp-json\/wp\/v2\/comments?post=108837"}],"version-history":[{"count":0,"href":"https:\/\/www.europesays.com\/pt\/wp-json\/wp\/v2\/posts\/108837\/revisions"}],"wp:featuredmedia":[{"embeddable":true,"href":"https:\/\/www.europesays.com\/pt\/wp-json\/wp\/v2\/media\/108838"}],"wp:attachment":[{"href":"https:\/\/www.europesays.com\/pt\/wp-json\/wp\/v2\/media?parent=108837"}],"wp:term":[{"taxonomy":"category","embeddable":true,"href":"https:\/\/www.europesays.com\/pt\/wp-json\/wp\/v2\/categories?post=108837"},{"taxonomy":"post_tag","embeddable":true,"href":"https:\/\/www.europesays.com\/pt\/wp-json\/wp\/v2\/tags?post=108837"}],"curies":[{"name":"wp","href":"https:\/\/api.w.org\/{rel}","templated":true}]}}