{"id":108855,"date":"2025-10-13T10:59:07","date_gmt":"2025-10-13T10:59:07","guid":{"rendered":"https:\/\/www.europesays.com\/pt\/108855\/"},"modified":"2025-10-13T10:59:07","modified_gmt":"2025-10-13T10:59:07","slug":"casos-de-coqueluche-saltam-1-253-no-pais-com-sc-entre-os-estados-com-maior-incidencia","status":"publish","type":"post","link":"https:\/\/www.europesays.com\/pt\/108855\/","title":{"rendered":"Casos de coqueluche saltam 1.253% no pa\u00eds com SC entre os estados com maior incid\u00eancia"},"content":{"rendered":"<p>Em 2024, o Brasil registrou 4.304 casos de coqueluche em menores de cinco anos, um aumento de 1.253% em rela\u00e7\u00e3o a 2023, quando foram 318 notifica\u00e7\u00f5es. \u00c9 o que revelou o levantamento do projeto Observa Inf\u00e2ncia, parceria do Instituto de Comunica\u00e7\u00e3o e Informa\u00e7\u00e3o Cient\u00edfica e Tecnol\u00f3gica em Sa\u00fade da Fiocruz e da Faculdade de Medicina de Petr\u00f3polis (FMP\/Unifase), que alerta para o <strong><a href=\"https:\/\/www.nsctotal.com.br\/noticias\/explosao-de-casos-de-coqueluche-no-ultimo-ano-acende-alerta-para-vacinacao-em-sc\" rel=\"nofollow noopener\" target=\"_blank\">avan\u00e7o da coqueluche\u00a0entre crian\u00e7as pequenas<\/a><\/strong> no Brasil.<\/p>\n<p>Continua depois da publicidade<\/p>\n<p>Uma d\u00e9cada antes, em 2015, foram notificados 4.630 casos, uma situa\u00e7\u00e3o semelhante ao cen\u00e1rio atual.<\/p>\n<p>No ano passado, as taxas de incid\u00eancia da doen\u00e7a foram mais altas no Paran\u00e1 (443,9 casos a cada 100 mil crian\u00e7as), Distrito Federal (247,1) e Santa Catarina (175,9), sendo superiores \u00e0 taxa m\u00e9dia nacional de 95 a cada 100 mil.<\/p>\n<p>Procurada pelo <strong>NSC Total<\/strong>, a Secretaria de Estado da Sa\u00fade (SES) de Santa Catarina informou que, no ano passado, foram 341 casos confirmados da doen\u00e7a em crian\u00e7as e adultos, sendo 83 hospitaliza\u00e7\u00f5es.<\/p>\n<p>Em 2023, haviam sido registrados apenas dois casos confirmados e nenhum \u00f3bito, o que representa um aumento expressivo em 2024, seguindo a tend\u00eancia observada tamb\u00e9m em n\u00edvel nacional.<\/p>\n<p>Continua depois da publicidade<\/p>\n<p><strong><a href=\"https:\/\/www.nsctotal.com.br\/noticias\/sc-registra-maior-numero-de-casos-de-coqueluche-em-10-anos\" target=\"_blank\" rel=\"noreferrer noopener nofollow\">SC registra maior n\u00famero de casos de coqueluche em 10 anos<\/a><\/strong><\/p>\n<p>Em 2025, a coqueluche segue em alta, segundo o levantamento do projeto Observa Inf\u00e2ncia: at\u00e9 agosto, dados preliminares mostram que j\u00e1 foram notificados 1.148 casos, com concentra\u00e7\u00e3o em Minas Gerais (229), S\u00e3o Paulo (217) e Rio Grande do Sul (146).<\/p>\n<p>At\u00e9 o dia 2 de outubro de 2025, eram 132 casos de coqueluche confirmados em Santa Catarina, segundo a SES. Destes, 48 foram hospitalizados.<\/p>\n<p>\u2014 Est\u00e1vamos observando esse aumento j\u00e1 em 2023, 2024 e parece que vai continuar em 2025. Os n\u00fameros podem at\u00e9 n\u00e3o ser t\u00e3o altos quanto 2024, mas est\u00e3o em um patamar elevado. As coberturas vacinais melhoraram, mas ainda n\u00e3o est\u00e3o batendo a meta em alguns lugares. Temos muitos bols\u00f5es no Brasil ainda de lugares baixas coberturas vacinais, ou seja, muita heterogeneidade na prote\u00e7\u00e3o, o que abre brechas para surtos como temos observado \u2014 avalia Patricia Boccolini, professora da Unifase e coordenadora do Observa Inf\u00e2ncia.<\/p>\n<p>Casos graves podem levar a pneumonia, convuls\u00f5es ou mortes<\/p>\n<p>A coqueluche, tamb\u00e9m conhecida como \u201ctosse comprida\u201d, \u00e9 uma doen\u00e7a respirat\u00f3ria altamente contagiosa causada pela bact\u00e9ria Bordetella pertussis. A vacina \u00e9 a principal forma de prote\u00e7\u00e3o e preven\u00e7\u00e3o da doen\u00e7a, al\u00e9m dos cuidados di\u00e1rios como lavar as m\u00e3os.<\/p>\n<p>Continua depois da publicidade<\/p>\n<p>Caracterizada por crises de tosse intensa e prolongada, a coqueluche pode levar a complica\u00e7\u00f5es graves, especialmente em beb\u00eas menores de seis meses, que ainda n\u00e3o receberam todas as doses de vacina e crian\u00e7as, podendo causar pneumonia, convuls\u00f5es e at\u00e9 mesmo a morte.<\/p>\n<p>A doen\u00e7a se espalha facilmente por meio de got\u00edculas expelidas ao tossir ou espirrar, e a transmiss\u00e3o ocorre principalmente em ambientes fechados e com aglomera\u00e7\u00e3o, de acordo com a SES. A coqueluche afeta o sistema respirat\u00f3rio inferior, causando inflama\u00e7\u00e3o na traqueia e nos br\u00f4nquios.<\/p>\n<p>Os sintomas demoram, em m\u00e9dia, cinco a 10 dias para aparecer e se manifestam com febre baixa, mal-estar geral, coriza e tosse seca.<\/p>\n<p>Casos graves de coqueluche podem levar a quadros de infec\u00e7\u00f5es, pneumonia, parada respirat\u00f3ria, convuls\u00f5es ou mesmo morte. De acordo com o levantamento do Observa Inf\u00e2ncia, foram registradas no pa\u00eds 1.330 hospitaliza\u00e7\u00f5es em 2024, contra 420 em 2023, um aumento de 217%.<\/p>\n<p>Continua depois da publicidade<\/p>\n<p>No ano passado, as maiores taxas de hospitaliza\u00e7\u00e3o ocorreram no Amap\u00e1 (158,3 por 100 mil crian\u00e7as), em Santa Catarina (83,5) e no Esp\u00edrito Santo (46,0), contra a m\u00e9dia de 29,4 registrada em 2024 no Brasil.<\/p>\n<p>Em 2015, eram 4.762 interna\u00e7\u00f5es anuais por causa da coqueluche, 72% a mais que no ano passado, o que indica uma queda acentuada nos casos graves. Em 2025, os dados preliminares at\u00e9 agosto mostram que foram notificadas 577 interna\u00e7\u00f5es.<\/p>\n<p>Em rela\u00e7\u00e3o \u00e0s mortes, foram 14 v\u00edtimas fatais menores de 4 anos em 2024, contra um ac\u00famulo de apenas 10 casos entre 2019 e 2023.<\/p>\n<p>Vacina\u00e7\u00e3o \u00e9 principal forma de preven\u00e7\u00e3o<\/p>\n<p>A vacina\u00e7\u00e3o \u00e9 a principal maneira de se proteger da coqueluche. Ao nascer, a pentavalente previne a doen\u00e7a, assim como difteria, t\u00e9tano, hepatite B e Haemophilus influenzae B. No Programa Nacional de Imuniza\u00e7\u00f5es (PNI), est\u00e1 dispon\u00edvel o esquema composto de tr\u00eas doses, indicadas aos dois, quatro e seis meses de idade.<\/p>\n<p>Continua depois da publicidade<\/p>\n<p>J\u00e1 a partir de um ano, s\u00e3o indicados dois refor\u00e7os com a vacina tr\u00edplice bacteriana infantil (DTP). O primeiro deve ser administrado aos 15 meses de vida, e o segundo aos 4 anos.<\/p>\n<p>Segundo o Observa Inf\u00e2ncia, a cobertura com a DTP aumentou em 2024, de 87,6%, no ano anterior, para 90,2%. Ainda assim, n\u00e3o alcan\u00e7ou a meta nacional de 95%. A \u00faltima vez que a dose atingiu esse percentual foi em 2015, h\u00e1 mais de 10 anos.<\/p>\n<p>Para os pesquisadores, o cen\u00e1rio mostra que, embora haja uma recupera\u00e7\u00e3o, permanece uma margem de vulnerabilidade alta capaz de favorecer a circula\u00e7\u00e3o da doen\u00e7a, especialmente entre os mais novos.<\/p>\n<p>\u2014 Olhando para o mundo, tamb\u00e9m temos observado aumentos e acreditamos que isso pode estar relacionado a lacunas geradas pela pandemia. Tivemos um impacto forte nas coberturas. Tivemos dois, tr\u00eas anos com coberturas muito baixas, ent\u00e3o houve um ac\u00famulo de suscet\u00edveis, ou seja, de crian\u00e7as que deveriam ter sido vacinadas e n\u00e3o foram, ou foram tardiamente \u2014 diz Patr\u00edcia.<\/p>\n<p>Continua depois da publicidade<\/p>\n<p>Para a coordenadora do Observa Inf\u00e2ncia, \u00e9 importante fortalecer as campanhas de vacina\u00e7\u00e3o e fazer busca ativa e repescagem dos n\u00e3o vacinados, especialmente no segundo ano de vida e pr\u00e9-escolar, que \u00e9 a \u00e9poca dos refor\u00e7os. Ela explica que essas medidas s\u00e3o ainda mais necess\u00e1rias nos territ\u00f3rios de maior risco, em que h\u00e1 maior n\u00famero de suscet\u00edveis.<\/p>\n<p>\u2014 Muitas vezes quando olhamos para os n\u00fameros nacionais, estaduais, n\u00e3o vemos o que est\u00e1 acontecendo no micro, nos mais de 5 mil munic\u00edpios que temos no Brasil \u2014 diz.<\/p>\n<p>*Sob supervis\u00e3o de Luana Amorim<\/p>\n<p>**Com informa\u00e7\u00f5es do O Globo<\/p>\n<p>Leia tamb\u00e9m<\/p>\n<p><a href=\"https:\/\/www.nsctotal.com.br\/noticias\/sc-tem-a-maior-taxa-de-doadores-de-orgaos-e-tecidos-por-milhao-de-habitantes-do-brasil\" target=\"_blank\" rel=\"noreferrer noopener nofollow\"><strong>SC tem a maior taxa de doadores de \u00f3rg\u00e3os e tecidos por milh\u00e3o de habitantes do Brasil<\/strong><\/a><\/p>\n<p><a href=\"https:\/\/www.nsctotal.com.br\/noticias\/campanha-de-multivacinacao-inicia-em-santa-catarina-nesta-segunda-feira\" target=\"_blank\" rel=\"noreferrer noopener nofollow\"><strong>Campanha de multivacina\u00e7\u00e3o inicia em Santa Catarina<\/strong><\/a><\/p>\n","protected":false},"excerpt":{"rendered":"Em 2024, o Brasil registrou 4.304 casos de coqueluche em menores de cinco anos, um aumento de 1.253%&hellip;\n","protected":false},"author":2,"featured_media":108856,"comment_status":"","ping_status":"","sticky":false,"template":"","format":"standard","meta":{"footnotes":""},"categories":[86],"tags":[829,116,32,33,117],"class_list":{"0":"post-108855","1":"post","2":"type-post","3":"status-publish","4":"format-standard","5":"has-post-thumbnail","7":"category-saude","8":"tag-conteudo-liberado","9":"tag-health","10":"tag-portugal","11":"tag-pt","12":"tag-saude"},"share_on_mastodon":{"url":"","error":""},"_links":{"self":[{"href":"https:\/\/www.europesays.com\/pt\/wp-json\/wp\/v2\/posts\/108855","targetHints":{"allow":["GET"]}}],"collection":[{"href":"https:\/\/www.europesays.com\/pt\/wp-json\/wp\/v2\/posts"}],"about":[{"href":"https:\/\/www.europesays.com\/pt\/wp-json\/wp\/v2\/types\/post"}],"author":[{"embeddable":true,"href":"https:\/\/www.europesays.com\/pt\/wp-json\/wp\/v2\/users\/2"}],"replies":[{"embeddable":true,"href":"https:\/\/www.europesays.com\/pt\/wp-json\/wp\/v2\/comments?post=108855"}],"version-history":[{"count":0,"href":"https:\/\/www.europesays.com\/pt\/wp-json\/wp\/v2\/posts\/108855\/revisions"}],"wp:featuredmedia":[{"embeddable":true,"href":"https:\/\/www.europesays.com\/pt\/wp-json\/wp\/v2\/media\/108856"}],"wp:attachment":[{"href":"https:\/\/www.europesays.com\/pt\/wp-json\/wp\/v2\/media?parent=108855"}],"wp:term":[{"taxonomy":"category","embeddable":true,"href":"https:\/\/www.europesays.com\/pt\/wp-json\/wp\/v2\/categories?post=108855"},{"taxonomy":"post_tag","embeddable":true,"href":"https:\/\/www.europesays.com\/pt\/wp-json\/wp\/v2\/tags?post=108855"}],"curies":[{"name":"wp","href":"https:\/\/api.w.org\/{rel}","templated":true}]}}