{"id":108857,"date":"2025-10-13T11:00:33","date_gmt":"2025-10-13T11:00:33","guid":{"rendered":"https:\/\/www.europesays.com\/pt\/108857\/"},"modified":"2025-10-13T11:00:33","modified_gmt":"2025-10-13T11:00:33","slug":"o-que-fazer-segunda-e-dia-de-mergulhar-na-tradicao-da-musica-a-la-e-a-azeitona-lazer","status":"publish","type":"post","link":"https:\/\/www.europesays.com\/pt\/108857\/","title":{"rendered":"O que fazer? Segunda \u00e9 dia de mergulhar na tradi\u00e7\u00e3o, da m\u00fasica \u00e0 l\u00e3 e \u00e0 azeitona | Lazer"},"content":{"rendered":"<p>Il Pomo d&#8217;Oro<\/p>\n<p dir=\"ltr\"><strong>LISBOA Funda\u00e7\u00e3o Calouste Gulbenkian. Dia 13\/10, \u00e0s 20h. M\/6. 30\u20ac a 68\u20ac<\/strong><\/p>\n<p dir=\"ltr\">O agrupamento italiano Il Pomo d\u2019Oro, especialista em interpreta\u00e7\u00f5es em instrumentos de \u00e9poca, preenche as pautas com Il combattimento di Tancredi e Clorinda de Claudio Monteverdi, obra estreada em 1624. A Sinfonia de Gregorio Allegri e outras pe\u00e7as de Monteverdi completam a moldura musical, que conta com direc\u00e7\u00e3o de Francesco Corti.<\/p>\n<p>CineEco &#8211; Festival Internacional de Cinema Ambiental da Serra da Estrela<\/p>\n<p dir=\"ltr\"><strong>SEIA Casa Municipal da Cultura. De 10\/10 a 18\/10. Gr\u00e1tis<\/strong><\/p>\n<p dir=\"ltr\">Trig\u00e9sima primeira edi\u00e7\u00e3o do festival serrano que \u00e9 um dos mais antigos do g\u00e9nero a n\u00edvel mundial e que se dedica a revelar \u201cnovas perspectivas e narrativas sobre os desafios enfrentados pelo planeta, habitats e esp\u00e9cies\u201d. Em competi\u00e7\u00e3o nas suas diversas sec\u00e7\u00f5es s\u00e3o exibidos 81 filmes de 31 pa\u00edses. No cartaz h\u00e1 ainda espa\u00e7o para sess\u00f5es especiais, apresenta\u00e7\u00f5es, workshops, exposi\u00e7\u00f5es, encontros, conversas e performances.<\/p>\n<p>        &#13;<\/p>\n<p>&#13;<br \/>\n                &#13;\n            <\/p>\n<p>&#13;<\/p>\n<p>Luis Miguel Cintra: Pequeno Teatro do Mundo<\/p>\n<p dir=\"ltr\"><strong>PORTO Casa do Cinema Manoel de Oliveira &#8211; Funda\u00e7\u00e3o de Serralves. De 10\/7 a 4\/1. Segunda a sexta, das 10h \u00e0s 18h; s\u00e1bado, domingo e feriados, das 10h \u00e0s 19h. 24\u20ac (com acesso a todos os espa\u00e7os de Serralves)<\/strong><\/p>\n<p dir=\"ltr\">Com curadoria do pr\u00f3prio Luis Miguel Cintra (n.1949, Madrid) e de Ant\u00f3nio Preto, a exposi\u00e7\u00e3o exibe pe\u00e7as escult\u00f3ricas que fazem parte da colec\u00e7\u00e3o pessoal do actor e encenador que \u00e9 uma das figuras maiores do teatro em Portugal. Com presen\u00e7a ass\u00eddua tamb\u00e9m no cinema, em particular na obra de Manoel de Oliveira, \u00e9 na qualidade de coleccionador que aqui o encontramos, apresentando o seu \u201cins\u00f3lito besti\u00e1rio\u201d feito de pe\u00e7as de \u201carte sacra ou figurado popular, raridades ou estatuetas sem interesse, representa\u00e7\u00f5es humanas ou animais, de todos os tamanhos, cores e feitios\u201d, descreve a folha de sala.<\/p>\n<p>        &#13;<\/p>\n<p>&#13;<br \/>\n                &#13;\n            <\/p>\n<p>&#13;<\/p>\n<p>Apanha da Azeitona<\/p>\n<p dir=\"ltr\"><strong>ARGANIL Vumba Agroturismo &#8211; S\u00e3o Martinho da Corti\u00e7a. De 13\/10 a 26\/10, com sess\u00f5es de manh\u00e3 e de tarde. 40\u20ac\/pessoa<\/strong><\/p>\n<p dir=\"ltr\">Durante quatro horas cumpre-se a tradi\u00e7\u00e3o da apanha da azeitona no olival, \u00e0 moda antiga e com vara. Convidam-se os interessados a \u201cmergulhar no esp\u00edrito do campo\u201d, varejar e apanhar as azeitonas galegas do pano para depois seguirem para o lagar da regi\u00e3o. Uma experi\u00eancia cultural que, no final, d\u00e1 direito a levar para casa uma garrafa de azeite da casa. Informa\u00e7\u00f5es e reservas atrav\u00e9s dos contactos vumba@vumba.pt e 910 002 354.<\/p>\n<p>Alinhados pela Mesma L\u00e3<\/p>\n<p dir=\"ltr\"><strong>LOUL\u00c9 Pal\u00e1cio Gama Lobo. De 10\/10 a 22\/11. Segunda a sexta, das 9h \u00e0s 18h; s\u00e1bado, das 9h \u00e0s 13h. Gr\u00e1tis<\/strong><\/p>\n<p dir=\"ltr\">Com curadoria de Vasco \u00c1guas e apoio t\u00e9cnico de Paula Neves T\u00eaxtil, a exposi\u00e7\u00e3o re\u00fane trabalhos de sete artistas, desenvolvidos em contexto de resid\u00eancia art\u00edstica, com o objectivo de refor\u00e7ar a sustentabilidade e a identidade local. O destaque vai para a l\u00e3 da ovelha churra algarvia e para todo o processo de cria\u00e7\u00e3o das pe\u00e7as, \u201cdesde a tosquia, \u00e0 lavagem, \u00e0 fia\u00e7\u00e3o, reinterpretando t\u00e9cnicas tradicionais, cruzando saberes e explorando novas abordagens no campo do t\u00eaxtil contempor\u00e2neo\u201d, faz saber a nota de imprensa.<\/p>\n<p>O Milagre da Sardinha &#8211; Mem\u00f3rias e Mist\u00e9rios de Um \u00cdcone Nacional<\/p>\n<p dir=\"ltr\"><strong>LISBOA Padr\u00e3o dos Descobrimentos. De 11\/5 a 30\/12. Todos os dias, das 10h \u00e0s 18h. 5\u20ac (10\u20ac com acesso tamb\u00e9m ao miradouro e ao filme)<\/strong><\/p>\n<p dir=\"ltr\">\u201cComo \u00e9 que a sardinha se tornou um s\u00edmbolo de Portugal e da cidade de Lisboa, em particular?\u201d e \u201cQue acontecimentos, saberes e ind\u00fastrias contribu\u00edram para este fen\u00f3meno?\u201d. S\u00e3o estes os pontos de partida para a exposi\u00e7\u00e3o que prop\u00f5e uma viagem desde a Antiguidade at\u00e9 aos dias de hoje norteada pelo imagin\u00e1rio da sardinha enquanto s\u00edmbolo identit\u00e1rio portugu\u00eas. A acompanhar a mostra, h\u00e1 um programa de actividades paralelas que convida as fam\u00edlias a criar, por exemplo, um cartaz publicit\u00e1rio alusivo ao tema ou a escutar as hist\u00f3rias de A Sardinha no Meio dos Tubar\u00f5es!<\/p>\n<p>        &#13;<\/p>\n<p>&#13;<br \/>\n                &#13;\n            <\/p>\n<p>&#13;<\/p>\n<p>        &#13;<\/p>\n<p>&#13;<br \/>\n                &#13;\n            <\/p>\n<p>&#13;<\/p>\n","protected":false},"excerpt":{"rendered":"Il Pomo d&#8217;Oro LISBOA Funda\u00e7\u00e3o Calouste Gulbenkian. Dia 13\/10, \u00e0s 20h. M\/6. 30\u20ac a 68\u20ac O agrupamento italiano&hellip;\n","protected":false},"author":2,"featured_media":108858,"comment_status":"","ping_status":"","sticky":false,"template":"","format":"standard","meta":{"footnotes":""},"categories":[85],"tags":[1632,1753,114,115,287,294,150,1633,32,33,291],"class_list":{"0":"post-108857","1":"post","2":"type-post","3":"status-publish","4":"format-standard","5":"has-post-thumbnail","7":"category-entretenimento","8":"tag-agenda","9":"tag-artes","10":"tag-entertainment","11":"tag-entretenimento","12":"tag-fugas","13":"tag-lazer","14":"tag-musica","15":"tag-o-que-fazer","16":"tag-portugal","17":"tag-pt","18":"tag-relaxar"},"share_on_mastodon":{"url":"","error":""},"_links":{"self":[{"href":"https:\/\/www.europesays.com\/pt\/wp-json\/wp\/v2\/posts\/108857","targetHints":{"allow":["GET"]}}],"collection":[{"href":"https:\/\/www.europesays.com\/pt\/wp-json\/wp\/v2\/posts"}],"about":[{"href":"https:\/\/www.europesays.com\/pt\/wp-json\/wp\/v2\/types\/post"}],"author":[{"embeddable":true,"href":"https:\/\/www.europesays.com\/pt\/wp-json\/wp\/v2\/users\/2"}],"replies":[{"embeddable":true,"href":"https:\/\/www.europesays.com\/pt\/wp-json\/wp\/v2\/comments?post=108857"}],"version-history":[{"count":0,"href":"https:\/\/www.europesays.com\/pt\/wp-json\/wp\/v2\/posts\/108857\/revisions"}],"wp:featuredmedia":[{"embeddable":true,"href":"https:\/\/www.europesays.com\/pt\/wp-json\/wp\/v2\/media\/108858"}],"wp:attachment":[{"href":"https:\/\/www.europesays.com\/pt\/wp-json\/wp\/v2\/media?parent=108857"}],"wp:term":[{"taxonomy":"category","embeddable":true,"href":"https:\/\/www.europesays.com\/pt\/wp-json\/wp\/v2\/categories?post=108857"},{"taxonomy":"post_tag","embeddable":true,"href":"https:\/\/www.europesays.com\/pt\/wp-json\/wp\/v2\/tags?post=108857"}],"curies":[{"name":"wp","href":"https:\/\/api.w.org\/{rel}","templated":true}]}}