{"id":108861,"date":"2025-10-13T11:06:25","date_gmt":"2025-10-13T11:06:25","guid":{"rendered":"https:\/\/www.europesays.com\/pt\/108861\/"},"modified":"2025-10-13T11:06:25","modified_gmt":"2025-10-13T11:06:25","slug":"tiago-iorc-e-internado-as-pressas-apos-crise-de-hernia-de-disco","status":"publish","type":"post","link":"https:\/\/www.europesays.com\/pt\/108861\/","title":{"rendered":"Tiago Iorc \u00e9 internado \u00e0s pressas ap\u00f3s crise de h\u00e9rnia de disco"},"content":{"rendered":"<p>O cantor <a href=\"https:\/\/natelinha.uol.com.br\/famosos\/tudo-sobre\/tiago-iorc\" rel=\"nofollow noopener\" target=\"_blank\">Tiago Iorc<\/a> foi internado neste fim de semana ap\u00f3s sofrer uma crise aguda de h\u00e9rnia de disco na regi\u00e3o cervical. A condi\u00e7\u00e3o provocou dores intensas e dificuldade para dormir ou realizar atividades cotidianas, levando-o a procurar atendimento m\u00e9dico de urg\u00eancia.<\/p>\n<p>De acordo com o pr\u00f3prio artista, a crise foi resultado de anos de m\u00e1 postura, agravada por fatores ligados \u00e0 rotina profissional e pessoal. Ele citou a altura de 1,90m, o tempo prolongado tocando viol\u00e3o e o uso frequente do celular com o pesco\u00e7o curvado como causas principais do desgaste acumulado. \u201cUma hora a conta chega\u201d, disse, ao se referir aos efeitos da sobrecarga na coluna.<\/p>\n<p>&#8220;Tive uma crise parecida uns 4 anos atr\u00e1s e foi at\u00e9 me sugerido cirurgia mas felizmente consegui contornar com tratamentos menos invasivos como osteopatia, fisioterapia, pilates. Com o tempo, fui me desleixando desses cuidados e ca\u00ed na armadilha de achar que, por eu n\u00e3o estar sentindo dor, estava tudo bem. Mas esses erros posturais s\u00e3o cumulativos, e uma hora a conta chega. E chegou ontem, sem d\u00f3&#8221;, afirmou.<\/p>\n<p>continua depois da publicidade<\/p>\n<p>+\u00a0<a href=\"https:\/\/natelinha.uol.com.br\/televisao\/2025\/09\/05\/marina-sena-e-tiago-iorc-explicam-sumico-das-redes-sociais-anestesiados-230898.php\" target=\"_blank\" rel=\"noopener noreferrer nofollow\">Marina Sena e Tiago Iorc explicam sumi\u00e7o das redes sociais: &#8220;Anestesiados&#8221;<\/a><\/p>\n<p>Durante a interna\u00e7\u00e3o, Tiago passou por um procedimento com inje\u00e7\u00f5es na coluna para aliviar a dor. O tratamento foi adotado como alternativa \u00e0 cirurgia, medida que j\u00e1 havia sido cogitada h\u00e1 cerca de quatro anos, quando o cantor enfrentou um epis\u00f3dio semelhante. Na ocasi\u00e3o, ele conseguiu controlar o problema com fisioterapia, pilates e osteopatia.<\/p>\n<blockquote class=\"instagram-media\" data-instgrm-captioned=\"\" data-instgrm-version=\"7\" style=\"width:100%;\"><p>\n\t\t\t\t\t\t\t\t\t<a href=\"https:\/\/www.instagram.com\/p\/DPuFc0WkUCP\/\" rel=\"nofollow noopener\" target=\"_blank\">\n\t\t\t\t\t\t\t\t<\/p><\/blockquote>\n<p>H\u00e9rnia de disco cervical<\/p>\n<p><img decoding=\"async\" loading=\"lazy\" class=\"horizontal\" src=\"https:\/\/www.europesays.com\/pt\/wp-content\/uploads\/2025\/10\/tiago-iorc-relembra-pausa-na-carreira-e-explica-sumico-nao-tinha-mais-prazer_8959.jpeg\" alt=\"imagem-texto\"\/><\/p>\n<p>A h\u00e9rnia de disco cervical ocorre quando o disco intervertebral \u2014 estrutura que atua como amortecedor entre as v\u00e9rtebras \u2014 se rompe ou se desloca, comprimindo nervos e causando inflama\u00e7\u00e3o. Embora o tipo mais comum seja o lombar, a vers\u00e3o cervical apresenta maior risco por atingir a regi\u00e3o do pesco\u00e7o e irradiar dores para ombros e bra\u00e7os.<\/p>\n<p>continua depois da publicidade<\/p>\n<p>+\u00a0<a href=\"https:\/\/natelinha.uol.com.br\/televisao\/2025\/07\/09\/tiago-iorc-relembra-pausa-na-carreira-e-explica-sumico-nao-tinha-mais-prazer-228397.php\" target=\"_blank\" rel=\"noopener noreferrer nofollow\">Tiago Iorc relembra pausa na carreira e explica sumi\u00e7o: &#8220;N\u00e3o tinha mais prazer&#8221;<\/a><\/p>\n<p>Especialistas indicam que, em 90% dos casos, o tratamento cl\u00ednico \u00e9 eficaz, com uso de medicamentos e terapias f\u00edsicas. Tiago afirmou que pretende retomar gradualmente suas atividades ap\u00f3s o per\u00edodo de recupera\u00e7\u00e3o e refor\u00e7ou a import\u00e2ncia dos cuidados preventivos com o corpo.<\/p>\n<p>                    <script async src=\"\/\/www.instagram.com\/embed.js\"><\/script><\/p>\n","protected":false},"excerpt":{"rendered":"O cantor Tiago Iorc foi internado neste fim de semana ap\u00f3s sofrer uma crise aguda de h\u00e9rnia de&hellip;\n","protected":false},"author":2,"featured_media":108862,"comment_status":"","ping_status":"","sticky":false,"template":"","format":"standard","meta":{"footnotes":""},"categories":[145],"tags":[211,210,114,115,32,33,25916],"class_list":{"0":"post-108861","1":"post","2":"type-post","3":"status-publish","4":"format-standard","5":"has-post-thumbnail","7":"category-celebridades","8":"tag-celebridades","9":"tag-celebrities","10":"tag-entertainment","11":"tag-entretenimento","12":"tag-portugal","13":"tag-pt","14":"tag-tiago-iorc"},"share_on_mastodon":{"url":"","error":""},"_links":{"self":[{"href":"https:\/\/www.europesays.com\/pt\/wp-json\/wp\/v2\/posts\/108861","targetHints":{"allow":["GET"]}}],"collection":[{"href":"https:\/\/www.europesays.com\/pt\/wp-json\/wp\/v2\/posts"}],"about":[{"href":"https:\/\/www.europesays.com\/pt\/wp-json\/wp\/v2\/types\/post"}],"author":[{"embeddable":true,"href":"https:\/\/www.europesays.com\/pt\/wp-json\/wp\/v2\/users\/2"}],"replies":[{"embeddable":true,"href":"https:\/\/www.europesays.com\/pt\/wp-json\/wp\/v2\/comments?post=108861"}],"version-history":[{"count":0,"href":"https:\/\/www.europesays.com\/pt\/wp-json\/wp\/v2\/posts\/108861\/revisions"}],"wp:featuredmedia":[{"embeddable":true,"href":"https:\/\/www.europesays.com\/pt\/wp-json\/wp\/v2\/media\/108862"}],"wp:attachment":[{"href":"https:\/\/www.europesays.com\/pt\/wp-json\/wp\/v2\/media?parent=108861"}],"wp:term":[{"taxonomy":"category","embeddable":true,"href":"https:\/\/www.europesays.com\/pt\/wp-json\/wp\/v2\/categories?post=108861"},{"taxonomy":"post_tag","embeddable":true,"href":"https:\/\/www.europesays.com\/pt\/wp-json\/wp\/v2\/tags?post=108861"}],"curies":[{"name":"wp","href":"https:\/\/api.w.org\/{rel}","templated":true}]}}