{"id":108863,"date":"2025-10-13T11:09:08","date_gmt":"2025-10-13T11:09:08","guid":{"rendered":"https:\/\/www.europesays.com\/pt\/108863\/"},"modified":"2025-10-13T11:09:08","modified_gmt":"2025-10-13T11:09:08","slug":"alanis-guillen-surge-em-primeira-foto-como-vampira-na-segunda-temporada","status":"publish","type":"post","link":"https:\/\/www.europesays.com\/pt\/108863\/","title":{"rendered":"Alanis Guillen surge em primeira foto como vampira na segunda temporada"},"content":{"rendered":"\n<p class=\" content-text__container \" data-track-category=\"Link no Texto\" data-track-links=\"\"> Na sequ\u00eancia da hist\u00f3ria, Flora, Luna (Leticia Vieira), Michel (Pedro Alves) e Celina (Laura Dutra) v\u00e3o ter que arriscar suas vidas pelas pessoas que amam e para defender o que acreditam \u00e0 medida que novas revela\u00e7\u00f5es v\u00eam \u00e0 tona. <\/p>\n<p class=\" content-text__container \" data-track-category=\"Link no Texto\" data-track-links=\"\"> A primeira temporada da s\u00e9rie criada e escrita por Claudia Sardinha e <a class=\"\" href=\"https:\/\/oglobo.globo.com\/tudo-sobre\/personalidade\/rosane-svartman\" rel=\"nofollow noopener\" target=\"_blank\">Rosane Svartman<\/a> estreou no in\u00edcio deste m\u00eas. A produ\u00e7\u00e3o de fantasia e suspense conta ainda com nomes como <a class=\"\" href=\"https:\/\/oglobo.globo.com\/tudo-sobre\/personalidade\/rodrigo-lombardi\" rel=\"nofollow noopener\" target=\"_blank\">Rodrigo Lombardi<\/a>, Heloisa Jorge e <a class=\"\" href=\"https:\/\/oglobo.globo.com\/tudo-sobre\/personalidade\/milhem-cortaz\" rel=\"nofollow noopener\" target=\"_blank\">Milhem Cortaz<\/a>. <\/p>\n","protected":false},"excerpt":{"rendered":"Na sequ\u00eancia da hist\u00f3ria, Flora, Luna (Leticia Vieira), Michel (Pedro Alves) e Celina (Laura Dutra) v\u00e3o ter que&hellip;\n","protected":false},"author":2,"featured_media":108864,"comment_status":"","ping_status":"","sticky":false,"template":"","format":"standard","meta":{"footnotes":""},"categories":[142],"tags":[4386,114,115,3179,25940,6111,32,33,679,25939,4473,151],"class_list":{"0":"post-108863","1":"post","2":"type-post","3":"status-publish","4":"format-standard","5":"has-post-thumbnail","7":"category-tv","8":"tag-alanis-guillen","9":"tag-entertainment","10":"tag-entretenimento","11":"tag-globoplay","12":"tag-milhem-cortaz","13":"tag-plataforma-digital-de-streaming-de-videos-e-audios-sob-demanda-do-grupo-globo","14":"tag-portugal","15":"tag-pt","16":"tag-reportagem","17":"tag-rodrigo-lombardi","18":"tag-rosane-svartman","19":"tag-tv"},"share_on_mastodon":{"url":"","error":""},"_links":{"self":[{"href":"https:\/\/www.europesays.com\/pt\/wp-json\/wp\/v2\/posts\/108863","targetHints":{"allow":["GET"]}}],"collection":[{"href":"https:\/\/www.europesays.com\/pt\/wp-json\/wp\/v2\/posts"}],"about":[{"href":"https:\/\/www.europesays.com\/pt\/wp-json\/wp\/v2\/types\/post"}],"author":[{"embeddable":true,"href":"https:\/\/www.europesays.com\/pt\/wp-json\/wp\/v2\/users\/2"}],"replies":[{"embeddable":true,"href":"https:\/\/www.europesays.com\/pt\/wp-json\/wp\/v2\/comments?post=108863"}],"version-history":[{"count":0,"href":"https:\/\/www.europesays.com\/pt\/wp-json\/wp\/v2\/posts\/108863\/revisions"}],"wp:featuredmedia":[{"embeddable":true,"href":"https:\/\/www.europesays.com\/pt\/wp-json\/wp\/v2\/media\/108864"}],"wp:attachment":[{"href":"https:\/\/www.europesays.com\/pt\/wp-json\/wp\/v2\/media?parent=108863"}],"wp:term":[{"taxonomy":"category","embeddable":true,"href":"https:\/\/www.europesays.com\/pt\/wp-json\/wp\/v2\/categories?post=108863"},{"taxonomy":"post_tag","embeddable":true,"href":"https:\/\/www.europesays.com\/pt\/wp-json\/wp\/v2\/tags?post=108863"}],"curies":[{"name":"wp","href":"https:\/\/api.w.org\/{rel}","templated":true}]}}