{"id":108875,"date":"2025-10-13T11:19:10","date_gmt":"2025-10-13T11:19:10","guid":{"rendered":"https:\/\/www.europesays.com\/pt\/108875\/"},"modified":"2025-10-13T11:19:10","modified_gmt":"2025-10-13T11:19:10","slug":"hamas-entrega-sete-a-cruz-vermelha-em-gaza","status":"publish","type":"post","link":"https:\/\/www.europesays.com\/pt\/108875\/","title":{"rendered":"Hamas Entrega Sete \u00e0 Cruz Vermelha em Gaza"},"content":{"rendered":"\n<p><strong>Entretanto, o presidente norte-americano, Donald Trump, j\u00e1 chegou a Telavive, onde dever\u00e1 encontrar-se com fam\u00edlias de refens libertados e discursar no parlamento israelita. <\/strong>O \u00faltimo chefe de estado dos EUA a faz\u00ea-lo foi George W. Bush, em 2008. Trump seguir\u00e1 depois para o Egito para participar na chamada Cimeira da Paz, que formalizar\u00e1 o acordo entre Israel e Hamas.<\/p>\n<p>O avi\u00e3o \u201cAir Force 1\u201d aterrou no Aeroporto Internacional Ben Gurion, em Telavive, e Trump foi recebido pelo primeiro-ministro Benjamin Netanyhau, entre outras personalidades.<\/p>\n<p><strong>\u201cA guerra acabou, ok?\u201d<\/strong>, disse o l\u00edder dos EUA aos jornalistas que viajaram a bordo do avi\u00e3o presidencial, acrescentando que \u201cas pessoas est\u00e3o cansadas\u201d e o plano de pacifica\u00e7\u00e3o vai ter sucesso por causa disso.<\/p>\n<p>Em Sharm el-Sheikh, no Egito, diversos l\u00edderes mundiais formalizar\u00e3o o plano idealizado por Trump, que conta com uma \u201creformada\u201d Autoridade Nacional Palestiniana (ANP) para governar o enclave, extirpado de qualquer elemento do movimento islamista Hamas, al\u00e9m de uma for\u00e7a de seguran\u00e7a \u00e1rabe, treinada por Egito e Jord\u00e2nia e um efetivo de 200 militares norte-americanos, na zona, para fiscaliza\u00e7\u00e3o. O conceito de dois estados coexistentes \u2013 Palestina e Israel \u2013 est\u00e1 inclu\u00eddo no plano da Administra\u00e7\u00e3o Trump.<\/p>\n<p>Abbas ir\u00e1 ao Egito. Netanyahu n\u00e3o<\/p>\n","protected":false},"excerpt":{"rendered":"Entretanto, o presidente norte-americano, Donald Trump, j\u00e1 chegou a Telavive, onde dever\u00e1 encontrar-se com fam\u00edlias de refens libertados&hellip;\n","protected":false},"author":2,"featured_media":108876,"comment_status":"","ping_status":"","sticky":false,"template":"","format":"standard","meta":{"footnotes":""},"categories":[8],"tags":[27,28,15,16,532,7961,14,25,26,25943,21,22,12,13,19,20,32,23,24,33,17,18,29,30,31],"class_list":{"0":"post-108875","1":"post","2":"type-post","3":"status-publish","4":"format-standard","5":"has-post-thumbnail","7":"category-principais-noticias","8":"tag-breaking-news","9":"tag-breakingnews","10":"tag-featured-news","11":"tag-featurednews","12":"tag-gaza","13":"tag-guerra-israel-hamas","14":"tag-headlines","15":"tag-latest-news","16":"tag-latestnews","17":"tag-libertacao-de-refens","18":"tag-main-news","19":"tag-mainnews","20":"tag-news","21":"tag-noticias","22":"tag-noticias-principais","23":"tag-noticiasprincipais","24":"tag-portugal","25":"tag-principais-noticias","26":"tag-principaisnoticias","27":"tag-pt","28":"tag-top-stories","29":"tag-topstories","30":"tag-ultimas","31":"tag-ultimas-noticias","32":"tag-ultimasnoticias"},"share_on_mastodon":{"url":"","error":""},"_links":{"self":[{"href":"https:\/\/www.europesays.com\/pt\/wp-json\/wp\/v2\/posts\/108875","targetHints":{"allow":["GET"]}}],"collection":[{"href":"https:\/\/www.europesays.com\/pt\/wp-json\/wp\/v2\/posts"}],"about":[{"href":"https:\/\/www.europesays.com\/pt\/wp-json\/wp\/v2\/types\/post"}],"author":[{"embeddable":true,"href":"https:\/\/www.europesays.com\/pt\/wp-json\/wp\/v2\/users\/2"}],"replies":[{"embeddable":true,"href":"https:\/\/www.europesays.com\/pt\/wp-json\/wp\/v2\/comments?post=108875"}],"version-history":[{"count":0,"href":"https:\/\/www.europesays.com\/pt\/wp-json\/wp\/v2\/posts\/108875\/revisions"}],"wp:featuredmedia":[{"embeddable":true,"href":"https:\/\/www.europesays.com\/pt\/wp-json\/wp\/v2\/media\/108876"}],"wp:attachment":[{"href":"https:\/\/www.europesays.com\/pt\/wp-json\/wp\/v2\/media?parent=108875"}],"wp:term":[{"taxonomy":"category","embeddable":true,"href":"https:\/\/www.europesays.com\/pt\/wp-json\/wp\/v2\/categories?post=108875"},{"taxonomy":"post_tag","embeddable":true,"href":"https:\/\/www.europesays.com\/pt\/wp-json\/wp\/v2\/tags?post=108875"}],"curies":[{"name":"wp","href":"https:\/\/api.w.org\/{rel}","templated":true}]}}