{"id":108879,"date":"2025-10-13T11:22:08","date_gmt":"2025-10-13T11:22:08","guid":{"rendered":"https:\/\/www.europesays.com\/pt\/108879\/"},"modified":"2025-10-13T11:22:08","modified_gmt":"2025-10-13T11:22:08","slug":"novo-livro-explora-as-nove-vidas-de-cristovao-colombo","status":"publish","type":"post","link":"https:\/\/www.europesays.com\/pt\/108879\/","title":{"rendered":"Novo livro explora as \u201cnove vidas\u201d de Crist\u00f3v\u00e3o Colombo"},"content":{"rendered":"<p>Historiador Matthew Restall analisa as m\u00faltiplas faces e legados do explorador italiano<\/p>\n<p><img fetchpriority=\"high\" decoding=\"async\" width=\"1024\" height=\"768\" src=\"https:\/\/www.europesays.com\/pt\/wp-content\/uploads\/2025\/10\/restall-headshot--1024x768.jpg.webp.webp\" alt=\"\" class=\"wp-image-24487\"  \/><\/p>\n<p>Crist\u00f3v\u00e3o Colombo \u00e9, h\u00e1 s\u00e9culos, uma das figuras mais debatidas da hist\u00f3ria mundial. Her\u00f3i para uns, vil\u00e3o para outros, o navegador genov\u00eas continua a dividir opini\u00f5es. No novo livro \u201cThe Nine Lives of Christopher Columbus\u201d, o historiador Matthew Restall prop\u00f5e-se a compreender precisamente isso: como \u00e9 que um \u00fanico homem deu origem a tantas vers\u00f5es de si pr\u00f3prio.<\/p>\n<p>Publicado pela editora W.W. Norton &amp; Company, o livro tra\u00e7a a vida e as \u201cmuitas p\u00f3s-vidas\u201d de Colombo \u2014 isto \u00e9, a forma como foi visto, reinterpretado e reinventado ao longo de mais de cinco s\u00e9culos. Restall, professor Edwin Erle Sparks de Hist\u00f3ria da Am\u00e9rica Latina Colonial, Antropologia e Estudos de G\u00e9nero na Universidade Estatal da Pensilv\u00e2nia, confessa que nunca tinha considerado escrever um livro sobre Colombo.<\/p>\n<blockquote class=\"wp-block-quote is-layout-flow wp-block-quote-is-layout-flow\">\n<p>\u201cParecia-me um tema ultrapassado, pouco atual\u201d, admite. \u201cMas uma viagem a Espanha mudou isso.\u201d<\/p>\n<\/blockquote>\n<p>Durante uma visita \u00e0 Galiza, Restall deparou-se com uma vers\u00e3o curiosa da hist\u00f3ria: moradores locais garantiram-lhe que Colombo n\u00e3o era genov\u00eas, mas sim um nobre galego que teria fingido a pr\u00f3pria morte em 1492 e mudado de nome. Intrigado com a for\u00e7a dessa cren\u00e7a popular, o historiador decidiu investigar at\u00e9 que ponto essa e outras vers\u00f5es moldaram a figura de Colombo no imagin\u00e1rio coletivo. Assim nasceu a ideia das \u201cnove vidas\u201d.<\/p>\n<p><strong>Do homem comum ao mito nacional<\/strong><\/p>\n<p>A primeira parte do livro \u00e9 uma biografia tradicional, que segue o percurso de Colombo desde as origens humildes em G\u00e9nova at\u00e9 \u00e0 ascens\u00e3o social que conseguiu gra\u00e7as \u00e0s expedi\u00e7\u00f5es financiadas pela Coroa de Castela. Restall descreve-o como \u201cextraordinariamente egoc\u00eantrico e narcisista\u201d, mas reconhece-lhe uma tenacidade not\u00e1vel.<\/p>\n<blockquote class=\"wp-block-quote is-layout-flow wp-block-quote-is-layout-flow\">\n<p>\u201cNos Estados Unidos, essa persist\u00eancia foi vista como uma virtude. Ele n\u00e3o desistia porque o seu ego estava totalmente ligado ao sonho de ascender socialmente \u2014 e conseguiu faz\u00ea-lo\u201d, explica o autor.<\/p>\n<\/blockquote>\n<p>A segunda parte da obra mergulha na transforma\u00e7\u00e3o de Colombo em s\u00edmbolo. Ap\u00f3s a independ\u00eancia dos Estados Unidos, o navegador foi elevado ao estatuto de her\u00f3i nacional, compar\u00e1vel a George Washington. \u201cWashington e Colombo tornaram-se quase figuras equivalentes\u201d, observa Restall. \u201cBasta pensar no nome da capital: Washington, no Distrito de Col\u00fambia.\u201d<\/p>\n<p>O auge dessa venera\u00e7\u00e3o ocorreu em 1892, durante as comemora\u00e7\u00f5es do quarto centen\u00e1rio da viagem de 1492 \u2014 o mesmo per\u00edodo em que o Pledge of Allegiance (juramento de lealdade \u00e0 bandeira) come\u00e7ou a ser recitado nas escolas. Coincidiu tamb\u00e9m com a chegada em massa de imigrantes italianos aos Estados Unidos, que encontraram em Colombo um s\u00edmbolo de orgulho \u00e9tnico e integra\u00e7\u00e3o cultural.<\/p>\n<blockquote class=\"wp-block-quote is-layout-flow wp-block-quote-is-layout-flow\">\n<p>\u201cAo perceberem que o pa\u00eds via Colombo como um her\u00f3i patri\u00f3tico, os italo-americanos adotaram-no como figura identit\u00e1ria. Criaram o seu pr\u00f3prio Colombo\u201d, explica Restall.<\/p>\n<\/blockquote>\n<p><strong>De her\u00f3i a vil\u00e3o<\/strong><\/p>\n<p>Mas o mito come\u00e7ou a mudar no final do s\u00e9culo XX. O quinto centen\u00e1rio da viagem, em 1992, marcou um ponto de viragem: muitos passaram a ver Colombo como respons\u00e1vel pelo in\u00edcio da coloniza\u00e7\u00e3o, da escravatura e da devasta\u00e7\u00e3o das popula\u00e7\u00f5es ind\u00edgenas. Cada vez mais cidades \u2014 incluindo a pr\u00f3pria Penn State \u2014 optaram por substituir o Dia de Colombo pelo Dia dos Povos Ind\u00edgenas.<\/p>\n<blockquote class=\"wp-block-quote is-layout-flow wp-block-quote-is-layout-flow\">\n<p>\u201cPara uma gera\u00e7\u00e3o mais jovem, Colombo representa o opressor. Para muitos italo-americanos, por\u00e9m, ele simboliza a luta pela aceita\u00e7\u00e3o num pa\u00eds que inicialmente os discriminou\u201d, resume Restall. \u201cS\u00e3o dois Columbos diferentes.\u201d<\/p>\n<\/blockquote>\n<p><strong>Entre a controv\u00e9rsia e o consenso<\/strong><\/p>\n<p>Perante debates t\u00e3o acesos, o autor defende uma posi\u00e7\u00e3o conciliadora.<\/p>\n<blockquote class=\"wp-block-quote is-layout-flow wp-block-quote-is-layout-flow\">\n<p>\u201cN\u00e3o vejo porque n\u00e3o possam coexistir o Dia de Colombo e o Dia dos Povos Ind\u00edgenas\u201d, afirma. \u201cDeve caber a cada comunidade decidir. O importante \u00e9 perceber que estamos a falar de figuras distintas, moldadas por experi\u00eancias e narrativas diferentes.\u201d<\/p>\n<\/blockquote>\n<p>Com \u201cThe Nine Lives of Christopher Columbus\u201d, Matthew Restall prop\u00f5e, assim, uma reflex\u00e3o cr\u00edtica sobre o poder da mem\u00f3ria hist\u00f3rica \u2014 e sobre como um homem do s\u00e9culo XV continua, meio mil\u00e9nio depois, a dividir o mundo em torno do seu nome.<\/p>\n<p><img loading=\"lazy\" decoding=\"async\" width=\"768\" height=\"1024\" src=\"https:\/\/www.europesays.com\/pt\/wp-content\/uploads\/2025\/10\/restall-book-cover--768x1024.jpg.webp.webp\" alt=\"\" class=\"wp-image-24486 lazyload\"  data- style=\"--smush-placeholder-width: 768px; --smush-placeholder-aspect-ratio: 768\/1024;\"\/><\/p>\n","protected":false},"excerpt":{"rendered":"Historiador Matthew Restall analisa as m\u00faltiplas faces e legados do explorador italiano Crist\u00f3v\u00e3o Colombo \u00e9, h\u00e1 s\u00e9culos, uma&hellip;\n","protected":false},"author":2,"featured_media":108880,"comment_status":"","ping_status":"","sticky":false,"template":"","format":"standard","meta":{"footnotes":""},"categories":[143],"tags":[169,114,115,170,32,33],"class_list":{"0":"post-108879","1":"post","2":"type-post","3":"status-publish","4":"format-standard","5":"has-post-thumbnail","7":"category-livros","8":"tag-books","9":"tag-entertainment","10":"tag-entretenimento","11":"tag-livros","12":"tag-portugal","13":"tag-pt"},"share_on_mastodon":{"url":"","error":""},"_links":{"self":[{"href":"https:\/\/www.europesays.com\/pt\/wp-json\/wp\/v2\/posts\/108879","targetHints":{"allow":["GET"]}}],"collection":[{"href":"https:\/\/www.europesays.com\/pt\/wp-json\/wp\/v2\/posts"}],"about":[{"href":"https:\/\/www.europesays.com\/pt\/wp-json\/wp\/v2\/types\/post"}],"author":[{"embeddable":true,"href":"https:\/\/www.europesays.com\/pt\/wp-json\/wp\/v2\/users\/2"}],"replies":[{"embeddable":true,"href":"https:\/\/www.europesays.com\/pt\/wp-json\/wp\/v2\/comments?post=108879"}],"version-history":[{"count":0,"href":"https:\/\/www.europesays.com\/pt\/wp-json\/wp\/v2\/posts\/108879\/revisions"}],"wp:featuredmedia":[{"embeddable":true,"href":"https:\/\/www.europesays.com\/pt\/wp-json\/wp\/v2\/media\/108880"}],"wp:attachment":[{"href":"https:\/\/www.europesays.com\/pt\/wp-json\/wp\/v2\/media?parent=108879"}],"wp:term":[{"taxonomy":"category","embeddable":true,"href":"https:\/\/www.europesays.com\/pt\/wp-json\/wp\/v2\/categories?post=108879"},{"taxonomy":"post_tag","embeddable":true,"href":"https:\/\/www.europesays.com\/pt\/wp-json\/wp\/v2\/tags?post=108879"}],"curies":[{"name":"wp","href":"https:\/\/api.w.org\/{rel}","templated":true}]}}