{"id":108881,"date":"2025-10-13T11:23:12","date_gmt":"2025-10-13T11:23:12","guid":{"rendered":"https:\/\/www.europesays.com\/pt\/108881\/"},"modified":"2025-10-13T11:23:12","modified_gmt":"2025-10-13T11:23:12","slug":"imunidade-de-liliana-gera-alvoroco-na-cadeira-quente-secret-story","status":"publish","type":"post","link":"https:\/\/www.europesays.com\/pt\/108881\/","title":{"rendered":"Imunidade de Liliana gera alvoro\u00e7o na cadeira quente &#8211; Secret Story"},"content":{"rendered":"<p>No Secret Story, vive-se uma cadeira quente intensa por causa da imunidade de Liliana. Veja as imagens.\u00a0<\/p>\n<p>L\u00eddia foi a concorrente expulsa na gala deste domingo. Ap\u00f3s abandonar a casa mais vigiada do Pa\u00eds, L\u00eddia ficou em choque ao descobrir o segredo que une Marisa a Pedro Jorge. Veja o v\u00eddeo do momento aqui:<\/p>\n<p><a href=\"https:\/\/tvi.iol.pt\/secretstory\/videos\/viral-esta-foi-a-reacao-hilariante-de-lidia-ao-descobrir-o-segredo-de-marisa\/68ec3ac80cf29d28d828d282\" rel=\"nofollow noopener\" target=\"_blank\">Viral: Esta foi a rea\u00e7\u00e3o hilariante de L\u00eddia ao descobrir o segredo de Marisa<\/a><\/p>\n","protected":false},"excerpt":{"rendered":"No Secret Story, vive-se uma cadeira quente intensa por causa da imunidade de Liliana. Veja as imagens.\u00a0 L\u00eddia&hellip;\n","protected":false},"author":2,"featured_media":108882,"comment_status":"","ping_status":"","sticky":false,"template":"","format":"standard","meta":{"footnotes":""},"categories":[142],"tags":[114,115,19033,19016,19034,32,33,151,19032],"class_list":{"0":"post-108881","1":"post","2":"type-post","3":"status-publish","4":"format-standard","5":"has-post-thumbnail","7":"category-tv","8":"tag-entertainment","9":"tag-entretenimento","10":"tag-galas-em-video","11":"tag-liliana","12":"tag-melhores-momentos-casa-dos-segredos","13":"tag-portugal","14":"tag-pt","15":"tag-tv","16":"tag-videos-secret-story-tvi"},"share_on_mastodon":{"url":"","error":""},"_links":{"self":[{"href":"https:\/\/www.europesays.com\/pt\/wp-json\/wp\/v2\/posts\/108881","targetHints":{"allow":["GET"]}}],"collection":[{"href":"https:\/\/www.europesays.com\/pt\/wp-json\/wp\/v2\/posts"}],"about":[{"href":"https:\/\/www.europesays.com\/pt\/wp-json\/wp\/v2\/types\/post"}],"author":[{"embeddable":true,"href":"https:\/\/www.europesays.com\/pt\/wp-json\/wp\/v2\/users\/2"}],"replies":[{"embeddable":true,"href":"https:\/\/www.europesays.com\/pt\/wp-json\/wp\/v2\/comments?post=108881"}],"version-history":[{"count":0,"href":"https:\/\/www.europesays.com\/pt\/wp-json\/wp\/v2\/posts\/108881\/revisions"}],"wp:featuredmedia":[{"embeddable":true,"href":"https:\/\/www.europesays.com\/pt\/wp-json\/wp\/v2\/media\/108882"}],"wp:attachment":[{"href":"https:\/\/www.europesays.com\/pt\/wp-json\/wp\/v2\/media?parent=108881"}],"wp:term":[{"taxonomy":"category","embeddable":true,"href":"https:\/\/www.europesays.com\/pt\/wp-json\/wp\/v2\/categories?post=108881"},{"taxonomy":"post_tag","embeddable":true,"href":"https:\/\/www.europesays.com\/pt\/wp-json\/wp\/v2\/tags?post=108881"}],"curies":[{"name":"wp","href":"https:\/\/api.w.org\/{rel}","templated":true}]}}