{"id":108883,"date":"2025-10-13T11:27:17","date_gmt":"2025-10-13T11:27:17","guid":{"rendered":"https:\/\/www.europesays.com\/pt\/108883\/"},"modified":"2025-10-13T11:27:17","modified_gmt":"2025-10-13T11:27:17","slug":"estudo-revela-que-a-esperanca-de-vida-mundial-regressou-aos-niveis-anteriores-a-pandemia","status":"publish","type":"post","link":"https:\/\/www.europesays.com\/pt\/108883\/","title":{"rendered":"Estudo revela que a esperan\u00e7a de vida mundial regressou aos n\u00edveis anteriores \u00e0 pandemia"},"content":{"rendered":"<p>\n         Publicado a<br \/>\n            13\/10\/2025 &#8211; 10:33 GMT+2\n            <\/p>\n<p>          <img decoding=\"async\" class=\"c-ad__placeholder__logo\" src=\"https:\/\/static.euronews.com\/website\/images\/logos\/logo-euronews-stacked-outlined-72x72-grey-9.svg\" width=\"72\" height=\"72\" alt=\"\" loading=\"lazy\"\/><br \/>\n          PUBLICIDADE<\/p>\n<p>A esperan\u00e7a de vida a n\u00edvel mundial regressou aos n\u00edveis anteriores \u00e0 pandemia, mas subsistem grandes disparidades por regi\u00e3o, de acordo com um novo estudo importante.<\/p>\n<p>A covid-19 tornou-se rapidamente a principal causa de morte a n\u00edvel mundial quando a pandemia varreu o globo em 2020, arrastando consigo a esperan\u00e7a de vida. As pessoas nascidas em 2021 podiam esperar viver at\u00e9 aos 71,7 anos, em m\u00e9dia.<\/p>\n<p>Mas em 2023, a covid-19 tinha ca\u00eddo para a <a href=\"https:\/\/www.thelancet.com\/journals\/lancet\/article\/PIIS0140-6736%2825%2901917-8\/fulltext\" target=\"_blank\" rel=\"noreferrer nofollow noopener\"><strong>20\u00aa principal causa de morte<\/strong><\/a>, atr\u00e1s de um punhado de doen\u00e7as cr\u00f3nicas, da doen\u00e7a de Alzheimer e de doen\u00e7as neonatais. <a href=\"https:\/\/www.thelancet.com\/journals\/lancet\/article\/PIIS0140-6736%2825%2901330-3\/fulltext\" target=\"_blank\" rel=\"noreferrer nofollow noopener\"><strong>A esperan\u00e7a de vida global<\/strong><\/a>recuperou para 73,8 anos.<\/p>\n<p>De acordo com a investiga\u00e7\u00e3o publicada na revista m\u00e9dica The Lancet, as doen\u00e7as cr\u00f3nicas s\u00e3o atualmente respons\u00e1veis por quase dois ter\u00e7os das mortes e doen\u00e7as a n\u00edvel mundial, lideradas por doen\u00e7as card\u00edacas, acidentes vasculares cerebrais e diabetes.<\/p>\n<p>Os fatores de risco, como a obesidade, o tabagismo e a polui\u00e7\u00e3o atmosf\u00e9rica, desempenham um papel importante na causa das doen\u00e7as cr\u00f3nicas e, se fossem tratados, seria poss\u00edvel evitar quase metade de todas as mortes e incapacidades a n\u00edvel mundial, segundo <a href=\"https:\/\/www.thelancet.com\/journals\/lancet\/article\/PIIS0140-6736%2825%2901637-X\/fulltext\" target=\"_blank\" rel=\"noreferrer nofollow noopener\"><strong>as estimativas dos investigadores.<\/strong><\/a><\/p>\n<p>&#8220;O r\u00e1pido crescimento do envelhecimento da popula\u00e7\u00e3o mundial e a evolu\u00e7\u00e3o dos fatores de risco deram in\u00edcio a uma nova era de desafios globais em mat\u00e9ria de sa\u00fade&#8221;, afirmou Christopher Murray, diretor do Institute for Health Metrics and Evaluation (IHME), sedeado nos EUA, que liderou o estudo.<\/p>\n<p>Trabalhando com colaboradores de todo o mundo, a equipa de Murray analisou dados relativos a 375 doen\u00e7as e les\u00f5es e 88 fatores de risco para 204 pa\u00edses e territ\u00f3rios entre 1990 e 2023.<\/p>\n<p>A equipa separou os dados relativos a cinco grandes pa\u00edses europeus: Fran\u00e7a, Alemanha, It\u00e1lia, Espanha e Reino Unido. As doen\u00e7as cardiovasculares eram a principal causa de morte em cada um desses pa\u00edses em 2023 &#8211; exceto em Fran\u00e7a, onde o cancro do pulm\u00e3o liderava a lista.<\/p>\n<p>A esperan\u00e7a de vida era tamb\u00e9m muito mais elevada nestes cinco pa\u00edses europeus do que no resto do mundo, variando entre 80,9 anos na Alemanha e 83,2 anos em Espanha.<\/p>\n<p>Os investigadores tamb\u00e9m manifestaram preocupa\u00e7\u00e3o com o aumento das taxas de mortalidade entre adolescentes e jovens adultos na Am\u00e9rica do Norte e na Am\u00e9rica Latina devido ao suic\u00eddio e ao consumo de drogas e \u00e1lcool, bem como na \u00c1frica subsariana devido a doen\u00e7as infeciosas e acidentes.<\/p>\n<p>Os resultados devem servir de &#8220;alerta&#8221; para os dirigentes governamentais e da sa\u00fade &#8220;para que respondam r\u00e1pida e estrategicamente \u00e0s tend\u00eancias perturbadoras que est\u00e3o a alterar as necessidades da sa\u00fade p\u00fablica&#8221;, afirmou Murray.<\/p>\n","protected":false},"excerpt":{"rendered":"Publicado a 13\/10\/2025 &#8211; 10:33 GMT+2 PUBLICIDADE A esperan\u00e7a de vida a n\u00edvel mundial regressou aos n\u00edveis anteriores&hellip;\n","protected":false},"author":2,"featured_media":108884,"comment_status":"","ping_status":"","sticky":false,"template":"","format":"standard","meta":{"footnotes":""},"categories":[86],"tags":[4357,116,32,33,117,896,25944],"class_list":{"0":"post-108883","1":"post","2":"type-post","3":"status-publish","4":"format-standard","5":"has-post-thumbnail","7":"category-saude","8":"tag-doenca","9":"tag-health","10":"tag-portugal","11":"tag-pt","12":"tag-saude","13":"tag-saude-publica","14":"tag-taxa-de-mortalidade"},"share_on_mastodon":{"url":"","error":""},"_links":{"self":[{"href":"https:\/\/www.europesays.com\/pt\/wp-json\/wp\/v2\/posts\/108883","targetHints":{"allow":["GET"]}}],"collection":[{"href":"https:\/\/www.europesays.com\/pt\/wp-json\/wp\/v2\/posts"}],"about":[{"href":"https:\/\/www.europesays.com\/pt\/wp-json\/wp\/v2\/types\/post"}],"author":[{"embeddable":true,"href":"https:\/\/www.europesays.com\/pt\/wp-json\/wp\/v2\/users\/2"}],"replies":[{"embeddable":true,"href":"https:\/\/www.europesays.com\/pt\/wp-json\/wp\/v2\/comments?post=108883"}],"version-history":[{"count":0,"href":"https:\/\/www.europesays.com\/pt\/wp-json\/wp\/v2\/posts\/108883\/revisions"}],"wp:featuredmedia":[{"embeddable":true,"href":"https:\/\/www.europesays.com\/pt\/wp-json\/wp\/v2\/media\/108884"}],"wp:attachment":[{"href":"https:\/\/www.europesays.com\/pt\/wp-json\/wp\/v2\/media?parent=108883"}],"wp:term":[{"taxonomy":"category","embeddable":true,"href":"https:\/\/www.europesays.com\/pt\/wp-json\/wp\/v2\/categories?post=108883"},{"taxonomy":"post_tag","embeddable":true,"href":"https:\/\/www.europesays.com\/pt\/wp-json\/wp\/v2\/tags?post=108883"}],"curies":[{"name":"wp","href":"https:\/\/api.w.org\/{rel}","templated":true}]}}