{"id":108939,"date":"2025-10-13T12:15:09","date_gmt":"2025-10-13T12:15:09","guid":{"rendered":"https:\/\/www.europesays.com\/pt\/108939\/"},"modified":"2025-10-13T12:15:09","modified_gmt":"2025-10-13T12:15:09","slug":"liam-gallagher-dos-oasis-torna-se-avo-aos-53-anos","status":"publish","type":"post","link":"https:\/\/www.europesays.com\/pt\/108939\/","title":{"rendered":"Liam Gallagher dos Oasis torna-se av\u00f4 aos 53 anos"},"content":{"rendered":"<p>Liam Gallagher vive um momento especial na sua vida pessoal: tornou-se av\u00f4 pela primeira vez. O seu primeiro neto, Rudy, nasceu em setembro, fruto da rela\u00e7\u00e3o da filha Molly Moorish-Gallagher com o futebolista ingl\u00eas Nat Phillips.<\/p>\n<p data-remotead-prev-elm=\"true\" data-remotead-elm-id=\"inread\">Em maio, Molly e Nat, juntos desde 2022, anunciaram a gravidez atrav\u00e9s de uma publica\u00e7\u00e3o no Instagram, mostrando imagens da modelo com a barriga j\u00e1 vis\u00edvel e alguns presentes que o beb\u00e9 tinha recebido &#8211; entre eles, um body com a frase: &#8220;M\u00e3es fixes t\u00eam filhos fixes.&#8221; &#8220;Temporada de aumento da silhueta&#8221;, escreveu Molly, de forma bem-humorada, na legenda.<\/p>\n<p>Molly nasceu em 1998, fruto de uma rela\u00e7\u00e3o extraconjugal entre Liam Gallagher e a cantora Lisa Moorish, vocalista da banda indie Kill City. Na altura, o m\u00fasico j\u00e1 era casado com a atriz Patsy Kensit. A modelo nasceu dois meses ap\u00f3s o casamento do pai, mas s\u00f3 conheceu Liam em 2018, quando adotou o apelido Gallagher.<\/p>\n<p data-remotead-prev-elm=\"true\" data-remotead-elm-id=\"centro1\">&#8220;N\u00e3o guardo qualquer rancor. Tenho 21 anos agora. Sou grata pela forma como a minha m\u00e3e me criou e pelo rumo que a minha vida tomou&#8221;, afirmou Molly, em entrevista ao &#8220;Sunday Times&#8221;, em 2019.<\/p>\n<p>At\u00e9 ao momento, o vocalista dos Oasis, de 53 anos, ainda n\u00e3o se pronunciou sobre a chegada do neto.<\/p>\n","protected":false},"excerpt":{"rendered":"Liam Gallagher vive um momento especial na sua vida pessoal: tornou-se av\u00f4 pela primeira vez. O seu primeiro&hellip;\n","protected":false},"author":2,"featured_media":108940,"comment_status":"","ping_status":"","sticky":false,"template":"","format":"standard","meta":{"footnotes":""},"categories":[85],"tags":[114,115,1638,32,33],"class_list":{"0":"post-108939","1":"post","2":"type-post","3":"status-publish","4":"format-standard","5":"has-post-thumbnail","7":"category-entretenimento","8":"tag-entertainment","9":"tag-entretenimento","10":"tag-oasis","11":"tag-portugal","12":"tag-pt"},"share_on_mastodon":{"url":"","error":""},"_links":{"self":[{"href":"https:\/\/www.europesays.com\/pt\/wp-json\/wp\/v2\/posts\/108939","targetHints":{"allow":["GET"]}}],"collection":[{"href":"https:\/\/www.europesays.com\/pt\/wp-json\/wp\/v2\/posts"}],"about":[{"href":"https:\/\/www.europesays.com\/pt\/wp-json\/wp\/v2\/types\/post"}],"author":[{"embeddable":true,"href":"https:\/\/www.europesays.com\/pt\/wp-json\/wp\/v2\/users\/2"}],"replies":[{"embeddable":true,"href":"https:\/\/www.europesays.com\/pt\/wp-json\/wp\/v2\/comments?post=108939"}],"version-history":[{"count":0,"href":"https:\/\/www.europesays.com\/pt\/wp-json\/wp\/v2\/posts\/108939\/revisions"}],"wp:featuredmedia":[{"embeddable":true,"href":"https:\/\/www.europesays.com\/pt\/wp-json\/wp\/v2\/media\/108940"}],"wp:attachment":[{"href":"https:\/\/www.europesays.com\/pt\/wp-json\/wp\/v2\/media?parent=108939"}],"wp:term":[{"taxonomy":"category","embeddable":true,"href":"https:\/\/www.europesays.com\/pt\/wp-json\/wp\/v2\/categories?post=108939"},{"taxonomy":"post_tag","embeddable":true,"href":"https:\/\/www.europesays.com\/pt\/wp-json\/wp\/v2\/tags?post=108939"}],"curies":[{"name":"wp","href":"https:\/\/api.w.org\/{rel}","templated":true}]}}