{"id":108986,"date":"2025-10-13T12:49:11","date_gmt":"2025-10-13T12:49:11","guid":{"rendered":"https:\/\/www.europesays.com\/pt\/108986\/"},"modified":"2025-10-13T12:49:11","modified_gmt":"2025-10-13T12:49:11","slug":"o-senhor-e-a-serva-conheca-os-personagens-da-serie-r7","status":"publish","type":"post","link":"https:\/\/www.europesays.com\/pt\/108986\/","title":{"rendered":"O Senhor e a Serva: conhe\u00e7a os personagens da s\u00e9rie &#8211; R7"},"content":{"rendered":"<ol>\n<li><a href=\"https:\/\/news.google.com\/rss\/articles\/CBMiqwFBVV95cUxQdE1iMS00R0xfMzhOM0RMcEViN2hYMjZHMjlfVkJkbW1fLVFsajRfT0w1VUttZ195ZmRJU2t2NGdWcDZjaVZ0eTFmNUlZSVVFbzlDd0hNbGxEUzRSYVdTalEwY1l6SUI5T1ZZMTdfYUhHY0JBbDB6QTl2STRpZ2pPdTdvZXhzaG1nYmhiRU10MFVjdGtqbGpsUU1pajlmTlROcDVCZ2liYVptUkE?oc=5\" target=\"_blank\" rel=\"nofollow noopener\">O Senhor e a Serva: conhe\u00e7a os personagens da s\u00e9rie<\/a>&nbsp;&nbsp;R7<\/li>\n<li><a href=\"https:\/\/news.google.com\/rss\/articles\/CBMivgFBVV95cUxObFVPXzB2NmtZMFhudWQ0RU82bTZhbXVJaTlDR1VlY292OWZOSjR5ampQR0dsdjdDYk9pMkZ1YVQ3VnBwa0Z3b241Yy1feGQ5Qy0xc2E4eG5mNVhGWXFVWmloYjNXeEF3VVhTSzlYNzNCRDZVeGRVVXNFRV9MWl9PZzVIYU5YNmhXWG1DZS14UFBjZm9VeUx0ZEpFOTgyUEVpbE10Nnk2UTZiZEI2SDlTZ3lBZXJPOWhHa3d3UWJB?oc=5\" target=\"_blank\" rel=\"nofollow noopener\">Nova s\u00e9rie \u201cO Senhor e a Serva\u201d estreia na Record nesta segunda-feira<\/a>&nbsp;&nbsp;Correio do Povo<\/li>\n<li><a href=\"https:\/\/news.google.com\/rss\/articles\/CBMizgFBVV95cUxPX2hqdWFvempPVWZwMmt6ZERtWExIZlhlU0JPLVRtWV8yNTdOZTczOU92WF90UE9TOXNnUGtWaUpUWjBfUnVlRF9SQVZjQ2tLdkNINHRKWFd4MnAxWmRwNmZGdnBpOWVCMF82RnZOS25kS1JNWGhhOFRGMlVBQWNxb09udnZFdW5WVndlY29LakxldVFNR2JmZXRRTXlwVW9VSngwMUQzRDZ0bW83S1NQWnh6dm1mZTRqd0pRaENvWHZSclhncmowSTlMR0N3Z9IB3AFBVV95cUxPdG9IOE5IOXprSHFRVThFWUZ2S3lJdG10Uy15eU1QS25GUmgwS3pfbFROZkZNcEZvZEQ1Z2lCa2p3aDNYWXdSbXFKdlNGMTBSck1URWNMT2gwOE1pZjNsRjBOd1hKQWtLY3QyQk51bEtWSi14MHMzVHBTb2RzSUo4S096dWFyRktlVEw2QWZ2RFhndnN4XzVuUXNtWVNLSW5meGUzRS03czNreWxYNnBaYWR5eUt0N2ZNcGUwVzlzOVFHLWl2aGg0eGxYX0Vnb1ZxUkh2MF9RZ3NXWWJz?oc=5\" target=\"_blank\" rel=\"nofollow noopener\">Resumo de O Senhor e a Serva: Primeiro cap\u00edtulo da novela, segunda, 13 de outubro<\/a>&nbsp;&nbsp;Not\u00edcias da TV<\/li>\n<li><a href=\"https:\/\/news.google.com\/rss\/articles\/CBMiwAFBVV95cUxOSlFNMFRudlJPdmNkNTM5bk4xZXVLTTNWb01mLWpFRVhhbjhzd0l1QVA1RkdoNGlySmh0djkwU0xJYjRmR2hoN29iRE5fMzgxdlQ5V0JHVlVOZGZfdWxIbm9UZFR5b1ktSWpZc2gtaXZxWW50alR0bmVlY2V2WkJWSTcwa3RSZkRMZGVaQ1RyQURmOWo5ck9hRVVCTkt4T3UwNGstNHFERHZxdHdLZ1k2YTFaeUtXS3djMWdIMVlmekQ?oc=5\" target=\"_blank\" rel=\"nofollow noopener\">Confira o que vai rolar nesta segunda-feira em Vale Tudo<\/a>&nbsp;&nbsp;Estrelando<\/li>\n<li><a href=\"https:\/\/news.google.com\/rss\/articles\/CBMifkFVX3lxTE9PaU51MXVoaXNLMTJVQ3Z5U09jcGhyYWh4VmhYX0xZenp3US1EMU1XTmdqYXNuSjFGMk90b1RBYzVRTFctZVFBVEJHYk5QV1B3SUc2SG1NVkVhck1qWVVpSmFLNkxIZDdpc3NCcV9PcWJJcHl3RU1SbE5GakVTUQ?oc=5\" target=\"_blank\" rel=\"nofollow noopener\">O Senhor e a Serva: Resumo cap\u00edtulos de 13 a 17 de outubro<\/a>&nbsp;&nbsp;Canal do Vannucci<\/li>\n<\/ol>\n","protected":false},"excerpt":{"rendered":"O Senhor e a Serva: conhe\u00e7a os personagens da s\u00e9rie&nbsp;&nbsp;R7 Nova s\u00e9rie \u201cO Senhor e a Serva\u201d estreia&hellip;\n","protected":false},"author":2,"featured_media":108987,"comment_status":"","ping_status":"","sticky":false,"template":"","format":"standard","meta":{"footnotes":""},"categories":[145],"tags":[211,210,114,115,1172,18058,32,33],"class_list":{"0":"post-108986","1":"post","2":"type-post","3":"status-publish","4":"format-standard","5":"has-post-thumbnail","7":"category-celebridades","8":"tag-celebridades","9":"tag-celebrities","10":"tag-entertainment","11":"tag-entretenimento","12":"tag-minisserie","13":"tag-o-senhor-e-a-serva","14":"tag-portugal","15":"tag-pt"},"share_on_mastodon":{"url":"","error":""},"_links":{"self":[{"href":"https:\/\/www.europesays.com\/pt\/wp-json\/wp\/v2\/posts\/108986","targetHints":{"allow":["GET"]}}],"collection":[{"href":"https:\/\/www.europesays.com\/pt\/wp-json\/wp\/v2\/posts"}],"about":[{"href":"https:\/\/www.europesays.com\/pt\/wp-json\/wp\/v2\/types\/post"}],"author":[{"embeddable":true,"href":"https:\/\/www.europesays.com\/pt\/wp-json\/wp\/v2\/users\/2"}],"replies":[{"embeddable":true,"href":"https:\/\/www.europesays.com\/pt\/wp-json\/wp\/v2\/comments?post=108986"}],"version-history":[{"count":0,"href":"https:\/\/www.europesays.com\/pt\/wp-json\/wp\/v2\/posts\/108986\/revisions"}],"wp:featuredmedia":[{"embeddable":true,"href":"https:\/\/www.europesays.com\/pt\/wp-json\/wp\/v2\/media\/108987"}],"wp:attachment":[{"href":"https:\/\/www.europesays.com\/pt\/wp-json\/wp\/v2\/media?parent=108986"}],"wp:term":[{"taxonomy":"category","embeddable":true,"href":"https:\/\/www.europesays.com\/pt\/wp-json\/wp\/v2\/categories?post=108986"},{"taxonomy":"post_tag","embeddable":true,"href":"https:\/\/www.europesays.com\/pt\/wp-json\/wp\/v2\/tags?post=108986"}],"curies":[{"name":"wp","href":"https:\/\/api.w.org\/{rel}","templated":true}]}}