{"id":108988,"date":"2025-10-13T12:50:13","date_gmt":"2025-10-13T12:50:13","guid":{"rendered":"https:\/\/www.europesays.com\/pt\/108988\/"},"modified":"2025-10-13T12:50:13","modified_gmt":"2025-10-13T12:50:13","slug":"casa-tibe-bruno-tinoco-arquitetura","status":"publish","type":"post","link":"https:\/\/www.europesays.com\/pt\/108988\/","title":{"rendered":"Casa TIBE \/ Bruno Tinoco Arquitetura"},"content":{"rendered":"<p><a class=\"js-image-size__link \" href=\"https:\/\/www.archdaily.com.br\/br\/1034843\/casa-tibe-bruno-tinoco-arquitetura\/68e57d718791b7000103e4ba-casa-tibe-bruno-tinoco-arquitetura-foto\" rel=\"attachment nofollow noopener\" style=\"width: 100%; height: 100%;\" target=\"_blank\"><img decoding=\"async\" alt=\"Casa TIBE \/ Bruno Tinoco Arquitetura - Imagem 1 de 16\" data-nr-picture-id=\"68e57d718791b7000103e4ba\" fetchpriority=\"high\" height=\"426\" itemprop=\"image\" loading=\"eager\" longdesc=\"https:\/\/www.archdaily.com.br\/br\/1034843\/casa-tibe-bruno-tinoco-arquitetura\/68e57d718791b7000103e4ba-casa-tibe-bruno-tinoco-arquitetura-foto\" src=\"https:\/\/www.europesays.com\/pt\/wp-content\/uploads\/2025\/10\/IMG-4912.jpg\" style=\"min-height: var(--featured-height, auto); aspect-ratio: auto 640 \/ 426\" width=\"640\"\/><\/a>\u00a9 Paulo Higor Nunes<\/p>\n<p class=\"thumbs afd-desktop-e clearfix\"><a class=\"thumbs__link\" data-nr-picture-id=\"68e57d708791b7000103e4b9\" href=\"https:\/\/www.archdaily.com.br\/br\/1034843\/casa-tibe-bruno-tinoco-arquitetura\/68e57d708791b7000103e4b9-casa-tibe-bruno-tinoco-arquitetura-foto\" rel=\"attachment nofollow noopener\" target=\"_blank\"><img loading=\"lazy\" decoding=\"async\" alt=\"Casa TIBE \/ Bruno Tinoco Arquitetura - Imagem 2 de 16\" class=\"thumbs__img b-lazy\" data-nr-picture-id=\"68e57d708791b7000103e4b9\" data-pin-nopin=\"true\" src=\"https:\/\/www.europesays.com\/pt\/wp-content\/uploads\/2025\/10\/IMG-4834.jpg\" height=\"125\" longdesc=\"https:\/\/www.archdaily.com.br\/br\/1034843\/casa-tibe-bruno-tinoco-arquitetura\/68e57d708791b7000103e4b9-casa-tibe-bruno-tinoco-arquitetura-foto\" title=\"\u00a9 Paulo Higor Nunes\" width=\"125\"\/><\/a><a class=\"thumbs__link\" data-nr-picture-id=\"68e57d728791b7000103e4bd\" href=\"https:\/\/www.archdaily.com.br\/br\/1034843\/casa-tibe-bruno-tinoco-arquitetura\/68e57d728791b7000103e4bd-casa-tibe-bruno-tinoco-arquitetura-foto\" rel=\"attachment nofollow noopener\" target=\"_blank\"><img loading=\"lazy\" decoding=\"async\" alt=\"Casa TIBE \/ Bruno Tinoco Arquitetura - Fotografia de Interiores, Escada, Madeira, Viga\" class=\"thumbs__img b-lazy\" data-nr-picture-id=\"68e57d728791b7000103e4bd\" data-pin-nopin=\"true\" src=\"https:\/\/www.europesays.com\/pt\/wp-content\/uploads\/2025\/10\/IMG-5303-ts1746903681.jpg\" height=\"125\" longdesc=\"https:\/\/www.archdaily.com.br\/br\/1034843\/casa-tibe-bruno-tinoco-arquitetura\/68e57d728791b7000103e4bd-casa-tibe-bruno-tinoco-arquitetura-foto\" title=\"\u00a9 Paulo Higor Nunes\" width=\"125\"\/><\/a><a class=\"thumbs__link\" data-nr-picture-id=\"68e57d738791b7000103e4bf\" href=\"https:\/\/www.archdaily.com.br\/br\/1034843\/casa-tibe-bruno-tinoco-arquitetura\/68e57d738791b7000103e4bf-casa-tibe-bruno-tinoco-arquitetura-foto\" rel=\"attachment nofollow noopener\" target=\"_blank\"><img loading=\"lazy\" decoding=\"async\" alt=\"Casa TIBE \/ Bruno Tinoco Arquitetura - Imagem 4 de 16\" class=\"thumbs__img b-lazy\" data-nr-picture-id=\"68e57d738791b7000103e4bf\" data-pin-nopin=\"true\" src=\"https:\/\/www.europesays.com\/pt\/wp-content\/uploads\/2025\/10\/IMG-5630.jpg\" height=\"125\" longdesc=\"https:\/\/www.archdaily.com.br\/br\/1034843\/casa-tibe-bruno-tinoco-arquitetura\/68e57d738791b7000103e4bf-casa-tibe-bruno-tinoco-arquitetura-foto\" title=\"\u00a9 Paulo Higor Nunes\" width=\"125\"\/><\/a><a class=\"thumbs__link\" data-nr-picture-id=\"68e57d728791b7000103e4bb\" href=\"https:\/\/www.archdaily.com.br\/br\/1034843\/casa-tibe-bruno-tinoco-arquitetura\/68e57d728791b7000103e4bb-casa-tibe-bruno-tinoco-arquitetura-foto\" rel=\"attachment nofollow noopener\" target=\"_blank\"><img loading=\"lazy\" decoding=\"async\" alt=\"Casa TIBE \/ Bruno Tinoco Arquitetura - Fotografia de Exterior\" class=\"thumbs__img b-lazy\" data-nr-picture-id=\"68e57d728791b7000103e4bb\" data-pin-nopin=\"true\" src=\"https:\/\/www.europesays.com\/pt\/wp-content\/uploads\/2025\/10\/IMG-5093.jpg\" height=\"125\" longdesc=\"https:\/\/www.archdaily.com.br\/br\/1034843\/casa-tibe-bruno-tinoco-arquitetura\/68e57d728791b7000103e4bb-casa-tibe-bruno-tinoco-arquitetura-foto\" title=\"\u00a9 Paulo Higor Nunes\" width=\"125\"\/><\/a><a class=\"gallery-link afd-desktop-e\" href=\"https:\/\/www.archdaily.com.br\/br\/1034843\/casa-tibe-bruno-tinoco-arquitetura\/68e57d718791b7000103e4ba-casa-tibe-bruno-tinoco-arquitetura-foto\" rel=\"nofollow noopener\" target=\"_blank\"><img decoding=\"async\" alt=\"Casa TIBE \/ Bruno Tinoco Arquitetura - Mais Imagens\" class=\"thumbs__img b-lazy\" src=\"https:\/\/www.europesays.com\/pt\/wp-content\/uploads\/2025\/10\/IMG-4912.jpg\" itemprop=\"image\" bad-src=\"data:image\/gif;base64,R0lGODlhAQABAIAAAAUEBAAAACwAAAAAAQABAAACAkQBADs=\"\/>+ 11<\/a><\/p>\n<p>    Compartilhar<\/p>\n<p>Compartilhar<\/p>\n<ul class=\"afd-share__networks clearfix\">\n<li class=\"afd-share__social\"><a aria-label=\"Facebook\" class=\"afd-share__button\" data-insights-category=\"share\" data-insights-label=\"facebook_sharing_options\" data-insights-value=\"1034843\" data-social=\"facebook\" href=\"https:\/\/www.facebook.com\/sharer\/sharer.php?u=https:\/\/www.archdaily.com.br\/br\/1034843\/casa-tibe-bruno-tinoco-arquitetura\" rel=\"nofollow noopener\" target=\"_blank\"><\/a>\n<p>Facebook<\/p>\n<\/li>\n<li class=\"afd-share__social\"><a aria-label=\"Twitter\" class=\"afd-share__button\" data-insights-category=\"share\" data-insights-label=\"twitter_sharing_options\" data-insights-value=\"1034843\" data-social=\"twitter\" href=\"https:\/\/twitter.com\/intent\/tweet?text=Casa%20TIBE%20%2F%20Bruno%20Tinoco%20Arquitetura&amp;url=https:\/\/www.archdaily.com.br\/br\/1034843\/casa-tibe-bruno-tinoco-arquitetura&amp;via=archdailybr\" rel=\"nofollow noopener\" target=\"_blank\"><\/a>\n<p>Twitter<\/p>\n<\/li>\n<li class=\"afd-share__social\"><a class=\"afd-share__button\" data-insights-category=\"share\" data-insights-label=\"email_sharing_options\" data-insights-value=\"1034843\" data-social=\"email\" href=\"mailto:?subject=Casa TIBE \/ Bruno Tinoco Arquitetura&amp;body=https:\/\/www.archdaily.com.br\/br\/1034843\/casa-tibe-bruno-tinoco-arquitetura\"><\/a>\n<p>Mail<\/p>\n<\/li>\n<li class=\"afd-share__social\"><a aria-label=\"Pinterest\" class=\"afd-share__button\" data-insights-category=\"share\" data-insights-label=\"pinterest_sharing_options\" data-insights-value=\"1034843\" data-social=\"pinterest\" href=\"https:\/\/pinterest.com\/pin\/create\/button\/?url=https%3A%2F%2Fwww.archdaily.com.br%2Fbr%2F1034843%2Fcasa-tibe-bruno-tinoco-arquitetura&amp;media=https%3A%2F%2Fimages.adsttc.com%2Fmedia%2Fimages%2F68e5%2F7d71%2F8791%2Fb700%2F0103%2Fe4ba%2Flarge_jpg%2FIMG-4912.jpg%3F1759870368&amp;description=Casa%20TIBE%20%2F%20Bruno%20Tinoco%20Arquitetura\" rel=\"nofollow noopener\" target=\"_blank\"><\/a>\n<p>Pinterest<\/p>\n<\/li>\n<li class=\"afd-share__social\"><a aria-label=\"Whatsapp\" class=\"afd-share__button\" data-action=\"share\/whatsapp\/share\" data-insights-category=\"share\" data-insights-label=\"whatsapp_sharing_options\" data-insights-value=\"1034843\" data-social=\"whatsapp\" href=\"whatsapp:\/\/send?text=Casa+TIBE+%2F+Bruno+Tinoco+Arquitetura+%7C+https%3A%2F%2Fwww.archdaily.com.br%2Fbr%2F1034843%2Fcasa-tibe-bruno-tinoco-arquitetura%3Futm_source%3DWhatsapp%26utm_medium%3DIM%26utm_campaign%3Dshare-button\" rel=\"nofollow\"><\/a>\n<p>Whatsapp<\/p>\n<\/li>\n<\/ul>\n<p>Ou<\/p>\n<p>https:\/\/www.archdaily.com.br\/br\/1034843\/casa-tibe-bruno-tinoco-arquitetura<br \/>\n<a class=\"js-image-size__link lazy-anchor\" href=\"https:\/\/www.archdaily.com.br\/br\/1034843\/casa-tibe-bruno-tinoco-arquitetura\/68e57d708791b7000103e4b9-casa-tibe-bruno-tinoco-arquitetura-foto\" rel=\"nofollow noopener\" target=\"_blank\"><img decoding=\"async\" alt=\"Casa TIBE \/ Bruno Tinoco Arquitetura - Imagem 2 de 16\" data-nr-picture-id=\"68e57d708791b7000103e4b9\" height=\"427\" itemprop=\"image\" loading=\"lazy\" longdesc=\"https:\/\/www.archdaily.com.br\/br\/1034843\/casa-tibe-bruno-tinoco-arquitetura\/68e57d708791b7000103e4b9-casa-tibe-bruno-tinoco-arquitetura-foto\" src=\"https:\/\/www.europesays.com\/pt\/wp-content\/uploads\/2025\/10\/1760359809_970_IMG-4834.jpg\" width=\"640\"\/>\u00a9 Paulo Higor Nunes<\/a><\/p>\n<p>Descri\u00e7\u00e3o enviada pela equipe de projeto. Localizada na Praia de Serrambi, no litoral sul de Pernambuco, esta resid\u00eancia conclu\u00edda em 2021 foi projetada como um ref\u00fagio de contempla\u00e7\u00e3o e conviv\u00eancia, privilegiando a integra\u00e7\u00e3o entre arquitetura, natureza e vida cotidiana. O projeto se ancora na madeira como elemento estrutural e est\u00e9tico central, explorando sua expressividade e reafirmando a busca por uma linguagem tect\u00f4nica enraizada na organicidade dos materiais.<\/p>\n<p><a class=\"js-image-size__link lazy-anchor\" href=\"https:\/\/www.archdaily.com.br\/br\/1034843\/casa-tibe-bruno-tinoco-arquitetura\/68e57d728791b7000103e4bb-casa-tibe-bruno-tinoco-arquitetura-foto\" rel=\"nofollow noopener\" target=\"_blank\"><img decoding=\"async\" alt=\"Casa TIBE \/ Bruno Tinoco Arquitetura - Fotografia de Exterior\" data-nr-picture-id=\"68e57d728791b7000103e4bb\" height=\"427\" itemprop=\"image\" loading=\"lazy\" longdesc=\"https:\/\/www.archdaily.com.br\/br\/1034843\/casa-tibe-bruno-tinoco-arquitetura\/68e57d728791b7000103e4bb-casa-tibe-bruno-tinoco-arquitetura-foto\" src=\"https:\/\/www.europesays.com\/pt\/wp-content\/uploads\/2025\/10\/1760359809_292_IMG-5093.jpg\" width=\"640\"\/>\u00a9 Paulo Higor Nunes<\/a><\/p>\n<p>A casa \u00e9 marcada por um <strong>grid de pilares e vigas em eucalipto tratado<\/strong>, mantidos aparentes e protagonistas na fachada. Essa malha estrutural, al\u00e9m de conferir ritmo e identidade ao conjunto, expressa uma ordem construtiva clara e coerente, revelando o car\u00e1ter artesanal da obra. A cobertura, sustentada por beirais generosos e m\u00e3os francesas, refor\u00e7a a <strong>prote\u00e7\u00e3o clim\u00e1tica e cria zonas de sombra e transi\u00e7\u00e3o<\/strong>, ampliando a viv\u00eancia dos espa\u00e7os externos.<\/p>\n<p><a class=\"js-image-size__link lazy-anchor\" href=\"https:\/\/www.archdaily.com.br\/br\/1034843\/casa-tibe-bruno-tinoco-arquitetura\/68e57d728791b7000103e4bd-casa-tibe-bruno-tinoco-arquitetura-foto\" rel=\"nofollow noopener\" target=\"_blank\"><img decoding=\"async\" alt=\"Casa TIBE \/ Bruno Tinoco Arquitetura - Fotografia de Interiores, Escada, Madeira, Viga\" data-nr-picture-id=\"68e57d728791b7000103e4bd\" height=\"427\" itemprop=\"image\" loading=\"lazy\" longdesc=\"https:\/\/www.archdaily.com.br\/br\/1034843\/casa-tibe-bruno-tinoco-arquitetura\/68e57d728791b7000103e4bd-casa-tibe-bruno-tinoco-arquitetura-foto\" src=\"https:\/\/www.europesays.com\/pt\/wp-content\/uploads\/2025\/10\/1760359811_101_IMG-5303-ts1746903681.jpg\" width=\"640\"\/>\u00a9 Paulo Higor Nunes<\/a><\/p>\n<p>O partido adota uma implanta\u00e7\u00e3o em formato de &#8220;U&#8221;, configurando dois polos complementares. De um lado, <strong>um p\u00e1tio interno com vegeta\u00e7\u00e3o tropical garante privacidade, ventila\u00e7\u00e3o cruzada e frescor.<\/strong> Do outro, a piscina de 90 m\u00b2, com raia de 20 metros, atende ao perfil esportivo dos moradores, nadadores, surfistas e jogadores de polo aqu\u00e1tico. O espelho d&#8217;\u00e1gua percorre longitudinalmente a lateral da casa e estabelece uma conex\u00e3o direta com a sala de estar, criando situa\u00e7\u00f5es singulares: conversar com quem nada ou mergulhar diretamente a partir do espa\u00e7o social s\u00e3o experi\u00eancias pensadas como parte do cotidiano.<\/p>\n<p><a class=\"js-image-size__link lazy-anchor\" href=\"https:\/\/www.archdaily.com.br\/br\/1034843\/casa-tibe-bruno-tinoco-arquitetura\/68e57d738791b7000103e4bf-casa-tibe-bruno-tinoco-arquitetura-foto\" rel=\"nofollow noopener\" target=\"_blank\"><img decoding=\"async\" alt=\"Casa TIBE \/ Bruno Tinoco Arquitetura - Imagem 4 de 16\" data-nr-picture-id=\"68e57d738791b7000103e4bf\" height=\"427\" itemprop=\"image\" loading=\"lazy\" longdesc=\"https:\/\/www.archdaily.com.br\/br\/1034843\/casa-tibe-bruno-tinoco-arquitetura\/68e57d738791b7000103e4bf-casa-tibe-bruno-tinoco-arquitetura-foto\" src=\"https:\/\/www.europesays.com\/pt\/wp-content\/uploads\/2025\/10\/1760359811_947_IMG-5630.jpg\" width=\"640\"\/>\u00a9 Paulo Higor Nunes<\/a><a class=\"js-image-size__link lazy-anchor\" href=\"https:\/\/www.archdaily.com.br\/br\/1034843\/casa-tibe-bruno-tinoco-arquitetura\/68e57d738791b7000103e4be-casa-tibe-bruno-tinoco-arquitetura-foto\" rel=\"nofollow noopener\" target=\"_blank\"><img decoding=\"async\" alt=\"Casa TIBE \/ Bruno Tinoco Arquitetura - Fotografia de Interiores\" data-nr-picture-id=\"68e57d738791b7000103e4be\" height=\"427\" itemprop=\"image\" loading=\"lazy\" longdesc=\"https:\/\/www.archdaily.com.br\/br\/1034843\/casa-tibe-bruno-tinoco-arquitetura\/68e57d738791b7000103e4be-casa-tibe-bruno-tinoco-arquitetura-foto\" src=\"https:\/\/www.europesays.com\/pt\/wp-content\/uploads\/2025\/10\/IMG-5410.jpg\" width=\"640\"\/>\u00a9 Paulo Higor Nunes<\/a><\/p>\n<p><strong>O volume organiza-se em dois blocos sobrepostos.<\/strong> O pavimento inferior, amplamente envidra\u00e7ado, dissolve os limites entre interior e exterior e exibe a estrutura em sua totalidade, transmitindo leveza e transpar\u00eancia. J\u00e1 o pavimento superior se apresenta mais maci\u00e7o, protegido por brises de madeira que filtram a insola\u00e7\u00e3o, garantem ventila\u00e7\u00e3o e conferem privacidade. <strong>Essa dualidade entre opacidade e transpar\u00eancia intensifica a sensa\u00e7\u00e3o de que o bloco superior flutua sobre o t\u00e9rreo.<\/strong><\/p>\n<p><a class=\"js-image-size__link lazy-anchor\" href=\"https:\/\/www.archdaily.com.br\/br\/1034843\/casa-tibe-bruno-tinoco-arquitetura\/68e57d748791b7000103e4cb-casa-tibe-bruno-tinoco-arquitetura-planta-pavimento-terreo\" rel=\"nofollow noopener\" target=\"_blank\"><img decoding=\"async\" alt=\"Casa TIBE \/ Bruno Tinoco Arquitetura - Imagem 15 de 16\" data-nr-picture-id=\"68e57d748791b7000103e4cb\" height=\"427\" itemprop=\"image\" loading=\"lazy\" longdesc=\"https:\/\/www.archdaily.com.br\/br\/1034843\/casa-tibe-bruno-tinoco-arquitetura\/68e57d748791b7000103e4cb-casa-tibe-bruno-tinoco-arquitetura-planta-pavimento-terreo\" src=\"https:\/\/www.europesays.com\/pt\/wp-content\/uploads\/2025\/10\/T_RREO_-_LAYOUT.jpg\" width=\"640\"\/>Planta &#8211; Pavimento t\u00e9rreo<\/a><a class=\"js-image-size__link lazy-anchor\" href=\"https:\/\/www.archdaily.com.br\/br\/1034843\/casa-tibe-bruno-tinoco-arquitetura\/68e57d748791b7000103e4cc-casa-tibe-bruno-tinoco-arquitetura-planta-primeiro-pavimento\" rel=\"nofollow noopener\" target=\"_blank\"><img decoding=\"async\" alt=\"Casa TIBE \/ Bruno Tinoco Arquitetura - Imagem 16 de 16\" data-nr-picture-id=\"68e57d748791b7000103e4cc\" height=\"427\" itemprop=\"image\" loading=\"lazy\" longdesc=\"https:\/\/www.archdaily.com.br\/br\/1034843\/casa-tibe-bruno-tinoco-arquitetura\/68e57d748791b7000103e4cc-casa-tibe-bruno-tinoco-arquitetura-planta-primeiro-pavimento\" src=\"https:\/\/www.europesays.com\/pt\/wp-content\/uploads\/2025\/10\/1_PAV_-_LAYOUT.jpg\" width=\"640\"\/>Planta &#8211; Primeiro pavimento<\/a><\/p>\n<p>No interior, a escada central se destaca como elemento escult\u00f3rico, conformando um portal que conduz ao pavimento superior e reafirma a l\u00f3gica construtiva adotada. Elementos em pedra natural, aplicados nas empenas e muros laterais, introduzem textura e rusticidade, ampliando o di\u00e1logo entre os materiais e o entorno costeiro.<\/p>\n<p><a class=\"js-image-size__link lazy-anchor\" href=\"https:\/\/www.archdaily.com.br\/br\/1034843\/casa-tibe-bruno-tinoco-arquitetura\/68e57d708791b7000103e4b8-casa-tibe-bruno-tinoco-arquitetura-foto\" rel=\"nofollow noopener\" target=\"_blank\"><img decoding=\"async\" alt=\"Casa TIBE \/ Bruno Tinoco Arquitetura - Fotografia de Interiores, Madeira\" data-nr-picture-id=\"68e57d708791b7000103e4b8\" height=\"427\" itemprop=\"image\" loading=\"lazy\" longdesc=\"https:\/\/www.archdaily.com.br\/br\/1034843\/casa-tibe-bruno-tinoco-arquitetura\/68e57d708791b7000103e4b8-casa-tibe-bruno-tinoco-arquitetura-foto\" src=\"https:\/\/www.europesays.com\/pt\/wp-content\/uploads\/2025\/10\/IMG-4621.jpg\" width=\"640\"\/>\u00a9 Paulo Higor Nunes<\/a><a class=\"js-image-size__link lazy-anchor\" href=\"https:\/\/www.archdaily.com.br\/br\/1034843\/casa-tibe-bruno-tinoco-arquitetura\/68e57d6f8791b7000103e4b7-casa-tibe-bruno-tinoco-arquitetura-foto\" rel=\"nofollow noopener\" target=\"_blank\"><img decoding=\"async\" alt=\"Casa TIBE \/ Bruno Tinoco Arquitetura - Fotografia de Interiores, Madeira, Cadeira, Viga, Balc\u00e3o, P\u00e1tio\" data-nr-picture-id=\"68e57d6f8791b7000103e4b7\" height=\"427\" itemprop=\"image\" loading=\"lazy\" longdesc=\"https:\/\/www.archdaily.com.br\/br\/1034843\/casa-tibe-bruno-tinoco-arquitetura\/68e57d6f8791b7000103e4b7-casa-tibe-bruno-tinoco-arquitetura-foto\" src=\"https:\/\/www.europesays.com\/pt\/wp-content\/uploads\/2025\/10\/IMG-4568.jpg\" width=\"640\"\/>\u00a9 Paulo Higor Nunes<\/a><\/p>\n<p>A ilumina\u00e7\u00e3o artificial foi cuidadosamente projetada para valorizar a materialidade da constru\u00e7\u00e3o. A luz quente ressalta o desenho dos pilares e vigas, criando atmosferas c\u00eanicas e acolhedoras no per\u00edodo noturno. Esse cuidado amplia a dimens\u00e3o sensorial da casa, equilibrando arquitetura, natureza e experi\u00eancia humana.<\/p>\n<p><a class=\"js-image-size__link lazy-anchor\" href=\"https:\/\/www.archdaily.com.br\/br\/1034843\/casa-tibe-bruno-tinoco-arquitetura\/68e57d738791b7000103e4c3-casa-tibe-bruno-tinoco-arquitetura-foto\" rel=\"nofollow noopener\" target=\"_blank\"><img decoding=\"async\" alt=\"Casa TIBE \/ Bruno Tinoco Arquitetura - Fotografia de Interiores, Madeira\" data-nr-picture-id=\"68e57d738791b7000103e4c3\" height=\"427\" itemprop=\"image\" loading=\"lazy\" longdesc=\"https:\/\/www.archdaily.com.br\/br\/1034843\/casa-tibe-bruno-tinoco-arquitetura\/68e57d738791b7000103e4c3-casa-tibe-bruno-tinoco-arquitetura-foto\" src=\"https:\/\/www.europesays.com\/pt\/wp-content\/uploads\/2025\/10\/IMG-5923.jpg\" width=\"640\"\/>\u00a9 Paulo Higor Nunes<\/a><\/p>\n<p>Mais do que uma resid\u00eancia de praia, o projeto se afirma como uma <strong>celebra\u00e7\u00e3o da arquitetura org\u00e2nica,<\/strong> onde estrutura, materialidade e paisagem se entrela\u00e7am para oferecer um espa\u00e7o de habitar em harmonia com o tempo e o lugar.<\/p>\n<p><a class=\"js-image-size__link lazy-anchor\" href=\"https:\/\/www.archdaily.com.br\/br\/1034843\/casa-tibe-bruno-tinoco-arquitetura\/68e57d738791b7000103e4c0-casa-tibe-bruno-tinoco-arquitetura-foto\" rel=\"nofollow noopener\" target=\"_blank\"><img decoding=\"async\" alt=\"Casa TIBE \/ Bruno Tinoco Arquitetura - Fotografia de Exterior, Madeira, Porta, Balc\u00e3o\" data-nr-picture-id=\"68e57d738791b7000103e4c0\" height=\"427\" itemprop=\"image\" loading=\"lazy\" longdesc=\"https:\/\/www.archdaily.com.br\/br\/1034843\/casa-tibe-bruno-tinoco-arquitetura\/68e57d738791b7000103e4c0-casa-tibe-bruno-tinoco-arquitetura-foto\" src=\"https:\/\/www.europesays.com\/pt\/wp-content\/uploads\/2025\/10\/IMG-5775.jpg\" width=\"640\"\/>\u00a9 Paulo Higor Nunes<\/a><script async src=\"https:\/\/platform.twitter.com\/widgets.js\" charset=\"utf-8\"><\/script><\/p>\n","protected":false},"excerpt":{"rendered":"\u00a9 Paulo Higor Nunes + 11 Compartilhar Compartilhar Facebook Twitter Mail Pinterest Whatsapp Ou https:\/\/www.archdaily.com.br\/br\/1034843\/casa-tibe-bruno-tinoco-arquitetura \u00a9 Paulo Higor&hellip;\n","protected":false},"author":2,"featured_media":108989,"comment_status":"","ping_status":"","sticky":false,"template":"","format":"standard","meta":{"footnotes":""},"categories":[144],"tags":[304,361,207,205,206,203,201,202,362,204,25954,114,115,32,33],"class_list":{"0":"post-108988","1":"post","2":"type-post","3":"status-publish","4":"format-standard","5":"has-post-thumbnail","7":"category-arte-e-design","8":"tag-arquitetura","9":"tag-arquitetura-residencial","10":"tag-arte","11":"tag-arte-e-design","12":"tag-artedesign","13":"tag-arts","14":"tag-arts-and-design","15":"tag-artsanddesign","16":"tag-casas","17":"tag-design","18":"tag-enseadinha","19":"tag-entertainment","20":"tag-entretenimento","21":"tag-portugal","22":"tag-pt"},"share_on_mastodon":{"url":"","error":""},"_links":{"self":[{"href":"https:\/\/www.europesays.com\/pt\/wp-json\/wp\/v2\/posts\/108988","targetHints":{"allow":["GET"]}}],"collection":[{"href":"https:\/\/www.europesays.com\/pt\/wp-json\/wp\/v2\/posts"}],"about":[{"href":"https:\/\/www.europesays.com\/pt\/wp-json\/wp\/v2\/types\/post"}],"author":[{"embeddable":true,"href":"https:\/\/www.europesays.com\/pt\/wp-json\/wp\/v2\/users\/2"}],"replies":[{"embeddable":true,"href":"https:\/\/www.europesays.com\/pt\/wp-json\/wp\/v2\/comments?post=108988"}],"version-history":[{"count":0,"href":"https:\/\/www.europesays.com\/pt\/wp-json\/wp\/v2\/posts\/108988\/revisions"}],"wp:featuredmedia":[{"embeddable":true,"href":"https:\/\/www.europesays.com\/pt\/wp-json\/wp\/v2\/media\/108989"}],"wp:attachment":[{"href":"https:\/\/www.europesays.com\/pt\/wp-json\/wp\/v2\/media?parent=108988"}],"wp:term":[{"taxonomy":"category","embeddable":true,"href":"https:\/\/www.europesays.com\/pt\/wp-json\/wp\/v2\/categories?post=108988"},{"taxonomy":"post_tag","embeddable":true,"href":"https:\/\/www.europesays.com\/pt\/wp-json\/wp\/v2\/tags?post=108988"}],"curies":[{"name":"wp","href":"https:\/\/api.w.org\/{rel}","templated":true}]}}