{"id":108990,"date":"2025-10-13T12:51:33","date_gmt":"2025-10-13T12:51:33","guid":{"rendered":"https:\/\/www.europesays.com\/pt\/108990\/"},"modified":"2025-10-13T12:51:33","modified_gmt":"2025-10-13T12:51:33","slug":"novo-livro-de-inovacao-e-empreendedorismo","status":"publish","type":"post","link":"https:\/\/www.europesays.com\/pt\/108990\/","title":{"rendered":"novo livro de inova\u00e7\u00e3o e empreendedorismo"},"content":{"rendered":"<p>\n                        Obra retrata o educador mineiro como um agente de inova\u00e7\u00e3o e lideran\u00e7a transformadora na educa\u00e7\u00e3o executiva. Confira tamb\u00e9m outros destaques de Livros                    <\/p>\n<p>O professor Emerson de Almeida, cofundador da Funda\u00e7\u00e3o Dom Cabral (FDC), \u00e9 um dos personagens do livro \u201cAgentes de Inova\u00e7\u00e3o: Empreendedores, Facilitadores, Intraempreendedores \u2013 Hist\u00f3rias de Vida Excepcionais\u201d, do canadense Louis Jacques Filion, professor em\u00e9rito da HEC Montr\u00e9al. <\/p>\n<p>A obra retrata o educador mineiro como um agente de inova\u00e7\u00e3o e lideran\u00e7a transformadora na educa\u00e7\u00e3o executiva. Filion esteve na sede da FDC, em Nova Lima, na \u00faltima semana (7\/10). Com lan\u00e7amento em portugu\u00eas pelo Sebrae, o livro re\u00fane hist\u00f3rias de empreendedores de impacto global.<\/p>\n<p><strong>Veja, a seguir, outros destaques de Livros: <\/strong><\/p>\n<p>\u201cSer feliz: \u00c9 poss\u00edvel?\u201d \u00e9 finalista do Pr\u00eamio Jabuti<\/p>\n<p>A obra \u201cSer feliz: \u00c9 poss\u00edvel? Um di\u00e1logo entre ci\u00eancia e espiritualidade\u201d, escrita por Monja Coen e Gustavo Arns, \u00e9 finalista da 67\u00aa edi\u00e7\u00e3o do Pr\u00eamio Jabuti, na categoria Sa\u00fade e Bem-Estar. O livro prop\u00f5e um di\u00e1logo entre ci\u00eancia e espiritualidade sobre a busca pela felicidade. <\/p>\n<p><a href=\"https:\/\/www.europesays.com\/pt\/wp-content\/uploads\/2025\/10\/ser-feliz-possivel-1024x536.jpg\" class=\"lightbox-link\" data-lightbox=\"content-images\" data-title=\"\"><img fetchpriority=\"high\" decoding=\"async\" width=\"1024\" height=\"536\" src=\"https:\/\/www.europesays.com\/pt\/wp-content\/uploads\/2025\/10\/ser-feliz-possivel-1024x536.jpg\" alt=\"\" class=\"wp-image-528414\"  \/><\/a><\/p>\n<p>Arns, idealizador do Congresso Internacional de Felicidade, e a monja zen-budista abordam temas como autoconhecimento, prop\u00f3sito e equil\u00edbrio emocional. O resultado da premia\u00e7\u00e3o ser\u00e1 divulgado em 27 de outubro de 2025. <strong>(Ser feliz: \u00c9 poss\u00edvel? Um di\u00e1logo entre ci\u00eancia e espiritualidade, Monja Coen e Gustavo Arns, Editora Papirus 7 Mares, 128 p\u00e1ginas, R$ 59,90)<\/strong><\/p>\n<p>Desafios da maternidade nas redes sociais<\/p>\n<p>A especialista em mindfulness Ana Torquetti lan\u00e7a \u201cMindfulness para m\u00e3es imperfeitas (como eu)\u201d. Com mais de 167 mil seguidores no Instagram, ela prop\u00f5e uma maternidade consciente em tempos de excesso de informa\u00e7\u00e3o, baseada em neuroci\u00eancia e aten\u00e7\u00e3o plena. <\/p>\n<p><a href=\"https:\/\/www.europesays.com\/pt\/wp-content\/uploads\/2025\/10\/mindfulness-1024x536.jpg\" class=\"lightbox-link\" data-lightbox=\"content-images\" data-title=\"\"><img loading=\"lazy\" decoding=\"async\" width=\"1024\" height=\"536\" src=\"https:\/\/www.europesays.com\/pt\/wp-content\/uploads\/2025\/10\/mindfulness-1024x536.jpg\" alt=\"\" class=\"wp-image-528416\"  \/><\/a><\/p>\n<p>A obra oferece pr\u00e1ticas de medita\u00e7\u00e3o e t\u00e9cnicas para lidar com emo\u00e7\u00f5es como culpa e frustra\u00e7\u00e3o, incentivando m\u00e3es a desenvolverem autoconsci\u00eancia e equil\u00edbrio emocional no cotidiano.<strong> (Mindfulness para m\u00e3es imperfeitas [como eu], Ana Torquetti, Editora BestSeller, 308 p\u00e1ginas, R$ 59,90)<\/strong><\/p>\n<p>Machado de Assis antecipou conceitos da psican\u00e1lise<\/p>\n<p>O psic\u00f3logo e pesquisador Adelmo Marcos Rossi mostra, em \u201cO Imortal Machado de Assis \u2013 Autor de Si Mesmo\u201d, que o escritor carioca desenvolveu ideias pr\u00f3ximas \u00e0s de Freud d\u00e9cadas antes do surgimento da psican\u00e1lise. <\/p>\n<p><a href=\"https:\/\/www.europesays.com\/pt\/wp-content\/uploads\/2025\/10\/livro-machado-assis-1024x536.jpg\" class=\"lightbox-link\" data-lightbox=\"content-images\" data-title=\"\"><img loading=\"lazy\" decoding=\"async\" width=\"1024\" height=\"536\" src=\"https:\/\/www.europesays.com\/pt\/wp-content\/uploads\/2025\/10\/livro-machado-assis-1024x536.jpg\" alt=\"\" class=\"wp-image-528415\"  \/><\/a><\/p>\n<p>A partir da an\u00e1lise da obra machadiana, Rossi identifica conceitos como narcisismo, recalque e \u201ccura pela fala\u201d sob outras denomina\u00e7\u00f5es. Dividido em 24 cap\u00edtulos, o livro revela como Machado de Assis fundou, por meio da literatura, uma psicologia conceitual pioneira sobre a mente e as emo\u00e7\u00f5es humanas. <strong>(O Imortal Machado de Assis \u2013 Autor de Si Mesmo, Adelmo Marcos Rossi, 456 p\u00e1ginas, R$ 120)<\/strong><\/p>\n","protected":false},"excerpt":{"rendered":"Obra retrata o educador mineiro como um agente de inova\u00e7\u00e3o e lideran\u00e7a transformadora na educa\u00e7\u00e3o executiva. Confira tamb\u00e9m&hellip;\n","protected":false},"author":2,"featured_media":108991,"comment_status":"","ping_status":"","sticky":false,"template":"","format":"standard","meta":{"footnotes":""},"categories":[143],"tags":[169,12699,114,115,864,170,834,32,33],"class_list":{"0":"post-108990","1":"post","2":"type-post","3":"status-publish","4":"format-standard","5":"has-post-thumbnail","7":"category-livros","8":"tag-books","9":"tag-curtas","10":"tag-entertainment","11":"tag-entretenimento","12":"tag-literatura","13":"tag-livros","14":"tag-negocios","15":"tag-portugal","16":"tag-pt"},"share_on_mastodon":{"url":"","error":""},"_links":{"self":[{"href":"https:\/\/www.europesays.com\/pt\/wp-json\/wp\/v2\/posts\/108990","targetHints":{"allow":["GET"]}}],"collection":[{"href":"https:\/\/www.europesays.com\/pt\/wp-json\/wp\/v2\/posts"}],"about":[{"href":"https:\/\/www.europesays.com\/pt\/wp-json\/wp\/v2\/types\/post"}],"author":[{"embeddable":true,"href":"https:\/\/www.europesays.com\/pt\/wp-json\/wp\/v2\/users\/2"}],"replies":[{"embeddable":true,"href":"https:\/\/www.europesays.com\/pt\/wp-json\/wp\/v2\/comments?post=108990"}],"version-history":[{"count":0,"href":"https:\/\/www.europesays.com\/pt\/wp-json\/wp\/v2\/posts\/108990\/revisions"}],"wp:featuredmedia":[{"embeddable":true,"href":"https:\/\/www.europesays.com\/pt\/wp-json\/wp\/v2\/media\/108991"}],"wp:attachment":[{"href":"https:\/\/www.europesays.com\/pt\/wp-json\/wp\/v2\/media?parent=108990"}],"wp:term":[{"taxonomy":"category","embeddable":true,"href":"https:\/\/www.europesays.com\/pt\/wp-json\/wp\/v2\/categories?post=108990"},{"taxonomy":"post_tag","embeddable":true,"href":"https:\/\/www.europesays.com\/pt\/wp-json\/wp\/v2\/tags?post=108990"}],"curies":[{"name":"wp","href":"https:\/\/api.w.org\/{rel}","templated":true}]}}